{"id":1662,"date":"2023-08-30T23:37:00","date_gmt":"2023-08-31T05:37:00","guid":{"rendered":"https:\/\/xpresspuebla.com\/?p=1662"},"modified":"2023-09-28T12:09:22","modified_gmt":"2023-09-28T18:09:22","slug":"ficomics-6","status":"publish","type":"post","link":"https:\/\/xpresspuebla.com\/index.php\/2023\/08\/30\/ficomics-6\/","title":{"rendered":"Horario de Fic\u00f3mics BUAP"},"content":{"rendered":"\n<p>&nbsp;La edici\u00f3n de este a\u00f1o se realizar\u00e1<strong>&nbsp;los d\u00edas 1, 2 y 3 de septiembre de 2023<\/strong>&nbsp;en el Complejo Cultural Universitario (CCU).<\/p>\n\n\n\n<p>El horario de la Fic\u00f3mics ser\u00e1 de 10:00 a 20:00 horas. Durante el primer d\u00eda contar\u00e1n con la&nbsp;<strong>asistencia del actor de doblaje, Yamil Atala<\/strong>, quien tambi\u00e9n es artista dram\u00e1tico, y ha sido la voz de diversos personajes en la<strong>&nbsp;serie Los Caballeros del Zodiaco<\/strong>&nbsp;y en la caricatura animada La Vaca y el Pollito.<\/p>\n","protected":false},"excerpt":{"rendered":"<p>&nbsp;La edici\u00f3n de este a\u00f1o se realizar\u00e1&nbsp;los d\u00edas 1, 2 y 3 de septiembre de 2023&nbsp;en el Complejo Cultural Universitario (CCU). El horario de la Fic\u00f3mics ser\u00e1 de 10:00 a&hellip; <\/p>\n","protected":false},"author":1,"featured_media":1643,"comment_status":"closed","ping_status":"open","sticky":false,"template":"","format":"standard","meta":{"om_disable_all_campaigns":false,"_uag_custom_page_level_css":"","_monsterinsights_skip_tracking":false,"_monsterinsights_sitenote_active":false,"_monsterinsights_sitenote_note":"","_monsterinsights_sitenote_category":0,"_uf_show_specific_survey":0,"_uf_disable_surveys":false},"categories":[1],"tags":[],"aioseo_notices":[],"uagb_featured_image_src":{"full":["https:\/\/xpresspuebla.com\/wp-content\/uploads\/2023\/08\/800x800.png",800,800,false],"thumbnail":["https:\/\/xpresspuebla.com\/wp-content\/uploads\/2023\/08\/800x800-150x150.png",150,150,true],"medium":["https:\/\/xpresspuebla.com\/wp-content\/uploads\/2023\/08\/800x800-300x300.png",300,300,true],"medium_large":["https:\/\/xpresspuebla.com\/wp-content\/uploads\/2023\/08\/800x800-768x768.png",768,768,true],"large":["https:\/\/xpresspuebla.com\/wp-content\/uploads\/2023\/08\/800x800.png",800,800,false],"1536x1536":["https:\/\/xpresspuebla.com\/wp-content\/uploads\/2023\/08\/800x800.png",800,800,false],"2048x2048":["https:\/\/xpresspuebla.com\/wp-content\/uploads\/2023\/08\/800x800.png",800,800,false]},"uagb_author_info":{"display_name":"xpresspuebla.com","author_link":"https:\/\/xpresspuebla.com\/index.php\/author\/xpresspuebla-com\/"},"uagb_comment_info":0,"uagb_excerpt":"&nbsp;La edici\u00f3n de este a\u00f1o se realizar\u00e1&nbsp;los d\u00edas 1, 2 y 3 de septiembre de 2023&nbsp;en el Complejo Cultural Universitario (CCU). El horario de la Fic\u00f3mics ser\u00e1 de 10:00 a&hellip;","_links":{"self":[{"href":"https:\/\/xpresspuebla.com\/index.php\/wp-json\/wp\/v2\/posts\/1662"}],"collection":[{"href":"https:\/\/xpresspuebla.com\/index.php\/wp-json\/wp\/v2\/posts"}],"about":[{"href":"https:\/\/xpresspuebla.com\/index.php\/wp-json\/wp\/v2\/types\/post"}],"author":[{"embeddable":true,"href":"https:\/\/xpresspuebla.com\/index.php\/wp-json\/wp\/v2\/users\/1"}],"replies":[{"embeddable":true,"href":"https:\/\/xpresspuebla.com\/index.php\/wp-json\/wp\/v2\/comments?post=1662"}],"version-history":[{"count":3,"href":"https:\/\/xpresspuebla.com\/index.php\/wp-json\/wp\/v2\/posts\/1662\/revisions"}],"predecessor-version":[{"id":2295,"href":"https:\/\/xpresspuebla.com\/index.php\/wp-json\/wp\/v2\/posts\/1662\/revisions\/2295"}],"wp:featuredmedia":[{"embeddable":true,"href":"https:\/\/xpresspuebla.com\/index.php\/wp-json\/wp\/v2\/media\/1643"}],"wp:attachment":[{"href":"https:\/\/xpresspuebla.com\/index.php\/wp-json\/wp\/v2\/media?parent=1662"}],"wp:term":[{"taxonomy":"category","embeddable":true,"href":"https:\/\/xpresspuebla.com\/index.php\/wp-json\/wp\/v2\/categories?post=1662"},{"taxonomy":"post_tag","embeddable":true,"href":"https:\/\/xpresspuebla.com\/index.php\/wp-json\/wp\/v2\/tags?post=1662"}],"curies":[{"name":"wp","href":"https:\/\/api.w.org\/{rel}","templated":true}]}}