{"id":2140,"date":"2023-09-05T21:20:06","date_gmt":"2023-09-06T03:20:06","guid":{"rendered":"https:\/\/xpresspuebla.com\/?p=2140"},"modified":"2023-09-27T21:21:29","modified_gmt":"2023-09-28T03:21:29","slug":"mexico-sede-de-la-segunda-reunion-preparatoria-para-la-conferencia-regional-de-educacion-superior-brasil-2024-sep","status":"publish","type":"post","link":"https:\/\/xpresspuebla.com\/index.php\/2023\/09\/05\/mexico-sede-de-la-segunda-reunion-preparatoria-para-la-conferencia-regional-de-educacion-superior-brasil-2024-sep\/","title":{"rendered":"M\u00e9xico sede de la segunda reuni\u00f3n preparatoria para la Conferencia Regional de Educaci\u00f3n Superior Brasil 2024: SEP"},"content":{"rendered":"\n<ul>\n<li><strong>La Benem\u00e9rita Universidad Aut\u00f3noma de Puebla (BUAP), alberga 5 y 6 de septiembre a representantes gubernamentales, rectores, estudiantes, ONG\u2019s, sindicatos de Educaci\u00f3n Superior de Am\u00e9rica Latina y el Caribe<\/strong><\/li>\n\n\n\n<li><strong>Inaugura subsecretario de Eduaci\u00f3n Superior, Luciano Concheiro B\u00f3rquez, los trabajos de esta segunda reuni\u00f3n preparatoria hacia la CRES+5<\/strong><\/li>\n\n\n\n<li><strong>El director de Relaciones Internacionales del Ministerio de Educaci\u00f3n de Brasil-CAPES, Rui Oppermann, detall\u00f3 que el encuentro tendr\u00e1 lugar en Brasilia del 13 al 15 de marzo de 2024<\/strong><\/li>\n\n\n\n<li><strong>El director del UNESCO-IESLAC, Francesc Pedr\u00f3, convoc\u00f3 a intentar forjar un consenso sobre las prioridades que en los pr\u00f3ximos cinco a\u00f1os deber\u00edan marcar las agendas<\/strong><\/li>\n<\/ul>\n\n\n\n<p>Con miras a la Conferencia Regional de Educaci\u00f3n Superior (CRES+5), que tendr\u00e1 lugar en Brasilia del 13 al 15 de marzo de 2024, M\u00e9xico alberga en la Benem\u00e9rita Universidad Aut\u00f3noma de Puebla (BUAP) la segunda reuni\u00f3n preparatoria con la participaci\u00f3n de 16 pa\u00edses de Am\u00e9rica Latina y el Caribe, donde se debatir\u00e1n diferentes temas de Educaci\u00f3n Superior.<\/p>\n\n\n\n<p>Este encuentro constituye una nueva instancia de di\u00e1logo e interlocuci\u00f3n entre los actores de Educaci\u00f3n Superior regional que busca una participaci\u00f3n incidente en la agenda de la CRES+5, as\u00ed como una reflexi\u00f3n colectiva sobre las conclusiones surgidas de la III Conferencia Mundial en Educaci\u00f3n Superior (Barcelona, Espa\u00f1a, 2022) que permitan reconfigurar el Plan de Acci\u00f3n CRES 2018-2028.<\/p>\n\n\n\n<p>La segunda reuni\u00f3n preparatoria cuenta con la participaci\u00f3n de representantes gubernamentales; rectores; redes universitarias vinculadas a la Educaci\u00f3n Superior; Agencias de Aseguramiento de la Calidad de la Educaci\u00f3n Superior; organizaciones no gubernamentales formalmente establecidas en la regi\u00f3n; organismos regionales e internacionales vinculados a ese tipo educativo; sindicatos de personal docente y no docente y organizaciones estudiantiles.<\/p>\n\n\n\n<p>Al inaugurar los trabajos y dar la bienvenida a nuestro pa\u00eds, a nombre del presidente Andr\u00e9s Manuel L\u00f3pez Obrador, el subsecretario de Educaci\u00f3n Superior de la Secretar\u00eda de Educaci\u00f3n P\u00fablica (SEP), Luciano Concheiro B\u00f3rquez, se\u00f1al\u00f3 que en esta reuni\u00f3n se estar\u00e1 buscando recuperar una perspectiva de Estados \u201cdesde nuestra Am\u00e9rica\u201d, por lo que reconoci\u00f3 la participaci\u00f3n de todos los presentes.<\/p>\n\n\n\n<p>Confi\u00f3 que una activa participaci\u00f3n pueda detonar los procesos de construcci\u00f3n pol\u00edtica para que las practicas educativas de Educaci\u00f3n Superior fomenten el di\u00e1logo de saberes y se tenga el desarrollo con justicia social como objetivo general de la colaboraci\u00f3n solidaria.<\/p>\n\n\n\n<p>Tras referir que la BUAP es una instituci\u00f3n comprometida con la Educaci\u00f3n Superior y la sociedad, la rectora Mar\u00eda Lilia Cedillo Ram\u00edrez subray\u00f3 la relevancia de los temas sobre el futuro de este tipo educativo en Am\u00e9rica Latina y El Caribe, que ser\u00e1n abordados en este encuentro -COVID-19, nueva geopol\u00edtica internacional y tecnolog\u00edas disruptivas, entre otros-.<\/p>\n\n\n\n<p>\u201cEs una gran reuni\u00f3n donde se pondr\u00e1n sobre la mesa los diversos t\u00f3picos a tratar en el \u00e1rea de la Educaci\u00f3n Superior, temas que ata\u00f1en e importan a todas las instituciones de educaci\u00f3n superior\u201d, a\u00f1adi\u00f3.<\/p>\n\n\n\n<p>Por su parte, el director de Relaciones Internacionales del Ministerio de Educaci\u00f3n de Brasil-CAPES, Rui Oppermann, detall\u00f3 que ahora con la CRES+5 se busca marcar el retorno de Brasil a la escena latinoamericana y caribe\u00f1a como una prioridad que, el presidente Luiz In\u00e1cio Lula Da Silva, ha establecido para todo su gobierno y que exige acciones con concretas.<\/p>\n\n\n\n<p>Por lo que ya se est\u00e1 empezando a trabajar con consultores, representantes internacionales y gubernamentales, as\u00ed como con asociaciones y redes de Educaci\u00f3n Superior de Am\u00e9rica Latina y el Caribe, puntualiz\u00f3.<\/p>\n\n\n\n<p>En tanto que el director del Instituto Internacional de la UNESCO para la Educaci\u00f3n Superior en Am\u00e9rica Latina y el Caribe (UNESCO-IESLAC), Francesc Pedr\u00f3, agradeci\u00f3 la hospitalidad de M\u00e9xico, la SEP y la BUAP para hacer posible esta reuni\u00f3n en la que se analizar\u00e1n y debatir\u00e1n de manera colectiva y regional los avances m\u00e1s significativos que se han dado en Am\u00e9rica Latina y el Caribe en torno a los temas de la Conferencia Regional de Educaci\u00f3n Superior 2018, celebrada en C\u00f3rdoba, Argentina.<\/p>\n\n\n\n<p>\u201cLa reuni\u00f3n de Puebla es una invitaci\u00f3n a reflexionar sobre los avances de la Educaci\u00f3n Superior e intentar forjar un consenso regional sobre las prioridades a futuro. Todos est\u00e1n llamados al debate, basado en el principio de la educaci\u00f3n superior como un derecho humano y un bien social y p\u00fablico y un deber de los Estados. Hagamos entonces un esfuerzo por acelerar los compromisos adquiridos en 2018 en el marco de los Objetivos de Desarrollo Sostenible 2030\u201d, concluy\u00f3.<\/p>\n","protected":false},"excerpt":{"rendered":"<p>Con miras a la Conferencia Regional de Educaci\u00f3n Superior (CRES+5), que tendr\u00e1 lugar en Brasilia del 13 al 15 de marzo de 2024, M\u00e9xico alberga en la Benem\u00e9rita Universidad Aut\u00f3noma&hellip; <\/p>\n","protected":false},"author":1,"featured_media":2142,"comment_status":"closed","ping_status":"open","sticky":false,"template":"","format":"standard","meta":{"om_disable_all_campaigns":false,"_uag_custom_page_level_css":"","_monsterinsights_skip_tracking":false,"_monsterinsights_sitenote_active":false,"_monsterinsights_sitenote_note":"","_monsterinsights_sitenote_category":0,"_uf_show_specific_survey":0,"_uf_disable_surveys":false},"categories":[1],"tags":[],"aioseo_notices":[],"uagb_featured_image_src":{"full":["https:\/\/xpresspuebla.com\/wp-content\/uploads\/2023\/09\/A_CRES5.jpeg",640,427,false],"thumbnail":["https:\/\/xpresspuebla.com\/wp-content\/uploads\/2023\/09\/A_CRES5-150x150.jpeg",150,150,true],"medium":["https:\/\/xpresspuebla.com\/wp-content\/uploads\/2023\/09\/A_CRES5-300x200.jpeg",300,200,true],"medium_large":["https:\/\/xpresspuebla.com\/wp-content\/uploads\/2023\/09\/A_CRES5.jpeg",640,427,false],"large":["https:\/\/xpresspuebla.com\/wp-content\/uploads\/2023\/09\/A_CRES5.jpeg",640,427,false],"1536x1536":["https:\/\/xpresspuebla.com\/wp-content\/uploads\/2023\/09\/A_CRES5.jpeg",640,427,false],"2048x2048":["https:\/\/xpresspuebla.com\/wp-content\/uploads\/2023\/09\/A_CRES5.jpeg",640,427,false]},"uagb_author_info":{"display_name":"xpresspuebla.com","author_link":"https:\/\/xpresspuebla.com\/index.php\/author\/xpresspuebla-com\/"},"uagb_comment_info":0,"uagb_excerpt":"Con miras a la Conferencia Regional de Educaci\u00f3n Superior (CRES+5), que tendr\u00e1 lugar en Brasilia del 13 al 15 de marzo de 2024, M\u00e9xico alberga en la Benem\u00e9rita Universidad Aut\u00f3noma&hellip;","_links":{"self":[{"href":"https:\/\/xpresspuebla.com\/index.php\/wp-json\/wp\/v2\/posts\/2140"}],"collection":[{"href":"https:\/\/xpresspuebla.com\/index.php\/wp-json\/wp\/v2\/posts"}],"about":[{"href":"https:\/\/xpresspuebla.com\/index.php\/wp-json\/wp\/v2\/types\/post"}],"author":[{"embeddable":true,"href":"https:\/\/xpresspuebla.com\/index.php\/wp-json\/wp\/v2\/users\/1"}],"replies":[{"embeddable":true,"href":"https:\/\/xpresspuebla.com\/index.php\/wp-json\/wp\/v2\/comments?post=2140"}],"version-history":[{"count":1,"href":"https:\/\/xpresspuebla.com\/index.php\/wp-json\/wp\/v2\/posts\/2140\/revisions"}],"predecessor-version":[{"id":2143,"href":"https:\/\/xpresspuebla.com\/index.php\/wp-json\/wp\/v2\/posts\/2140\/revisions\/2143"}],"wp:featuredmedia":[{"embeddable":true,"href":"https:\/\/xpresspuebla.com\/index.php\/wp-json\/wp\/v2\/media\/2142"}],"wp:attachment":[{"href":"https:\/\/xpresspuebla.com\/index.php\/wp-json\/wp\/v2\/media?parent=2140"}],"wp:term":[{"taxonomy":"category","embeddable":true,"href":"https:\/\/xpresspuebla.com\/index.php\/wp-json\/wp\/v2\/categories?post=2140"},{"taxonomy":"post_tag","embeddable":true,"href":"https:\/\/xpresspuebla.com\/index.php\/wp-json\/wp\/v2\/tags?post=2140"}],"curies":[{"name":"wp","href":"https:\/\/api.w.org\/{rel}","templated":true}]}}