{"id":2147,"date":"2023-09-04T21:22:29","date_gmt":"2023-09-05T03:22:29","guid":{"rendered":"https:\/\/xpresspuebla.com\/?p=2147"},"modified":"2023-09-27T21:23:23","modified_gmt":"2023-09-28T03:23:23","slug":"buap-y-gobierno-del-estado-inauguran-edificio-de-la-licenciatura-en-derecho-en-tepeaca","status":"publish","type":"post","link":"https:\/\/xpresspuebla.com\/index.php\/2023\/09\/04\/buap-y-gobierno-del-estado-inauguran-edificio-de-la-licenciatura-en-derecho-en-tepeaca\/","title":{"rendered":"BUAP y gobierno del estado inauguran edificio de la Licenciatura en Derecho en Tepeaca"},"content":{"rendered":"\n<ul>\n<li><strong>Este espacio representa una realidad para el desarrollo de todos, destac\u00f3 la Rectora Lilia Cedillo<\/strong><\/li>\n\n\n\n<li><strong>Gracias a la universidad por su oferta educativa y hacer realidad la educaci\u00f3n para m\u00e1s j\u00f3venes: gobernador Salom\u00f3n C\u00e9spedes<\/strong><\/li>\n<\/ul>\n\n\n\n<p>Gracias a la suma de voluntades, entre la BUAP y los gobiernos municipal y estatal, ha sido posible el crecimiento de la infraestructura f\u00edsica en las regiones del estado, para abrir oportunidades de estudio a los j\u00f3venes del interior del estado. Tal es el caso del edificio de la Licenciatura en Derecho, del Complejo Regional Centro de esta Casa de Estudios, destac\u00f3 la Rectora Mar\u00eda Lilia Cedillo Ram\u00edrez, al inaugurar el nuevo inmueble en el municipio de Tepeaca.<\/p>\n\n\n\n<p>\u201cQuiero agradecer al se\u00f1or gobernador todo lo que ha hecho por esta comunidad; sin usted, sin esa mano acompa\u00f1\u00e1ndonos, no podr\u00edamos hoy estar inaugurando este nuevo espacio para los j\u00f3venes de la regi\u00f3n\u201d.<\/p>\n\n\n\n<p>Gracias a la ampliaci\u00f3n de la oferta educativa y a la dotaci\u00f3n de espacios dignos, la matr\u00edcula del Complejo Regional Centro creci\u00f3 en el \u00faltimo a\u00f1o, de 4 mil a 5 mil estudiantes, un hecho que no es resultado del azar, sino del apoyo de los gobiernos estatal y municipal para lograr el crecimiento de este campus, refiri\u00f3.<\/p>\n\n\n\n<p>\u201cPara m\u00ed es importante inaugurar este espacio, con aulas dignas, porque representa una realidad que hace posible el desarrollo para todos: significa econom\u00eda para las familias al permanecer sus hijos en sus comunidades y significa arraigo para los j\u00f3venes en sus lugares de origen\u201d, coment\u00f3 la Rectora Lilia Cedillo.&nbsp;<\/p>\n\n\n\n<p>En su mensaje, el gobernador de Puebla, Sergio Salom\u00f3n C\u00e9spedes Peregrina, reconoci\u00f3 en la suma de esfuerzos y voluntades el camino para el desarrollo. Al Consejo Universitario, agradeci\u00f3 el respaldo para trabajar de la mano de la BUAP, una instituci\u00f3n centenaria que brinda una educaci\u00f3n de calidad.<\/p>\n\n\n\n<p>\u201cMi reconocimiento a todo lo que significa la BUAP; gracias a la universidad por su oferta educativa y hacer realidad la educaci\u00f3n para m\u00e1s j\u00f3venes\u201d, expres\u00f3.<\/p>\n\n\n\n<p>En compa\u00f1\u00eda del gobernador Sergio Salom\u00f3n C\u00e9spedes Peregrina, y de su esposa Gabriela Bonilla Parada; el presidente municipal de Tepeaca, Jos\u00e9 Huerta Espinoza; los secretarios de Gobernaci\u00f3n, Educaci\u00f3n P\u00fablica e Infraestructura del estado, Javier Aquino Lim\u00f3n, Mar\u00eda Isabel Merlo Talavera y Luis Roberto Tenorio Garc\u00eda, respectivamente, la Rectora Lilia Cedillo Ram\u00edrez cort\u00f3 el list\u00f3n inaugural del nuevo inmueble, en una ceremonia a la cual acudieron cientos de pobladores.<\/p>\n\n\n\n<p>A su vez, el presidente municipal Jos\u00e9 Huerta Espinoza, se\u00f1al\u00f3 que el nuevo edificio donde los estudiantes cursar\u00e1n la Licenciatura en Derecho es el resultado del trabajo en equipo y de importantes acciones en beneficio de la educaci\u00f3n de la regi\u00f3n.<\/p>\n\n\n\n<p>\u201cTepeaca avanza en la construcci\u00f3n de una mejor sociedad, con una oferta acad\u00e9mica de calidad en educaci\u00f3n superior\u201d, refiri\u00f3.<\/p>\n\n\n\n<p>Finalmente, la directora del Complejo Regional Centro, Mirna L\u00f3pez Fuentes, indic\u00f3 que con la apertura de la citada licenciatura no s\u00f3lo se ampl\u00eda la oferta educativa, abona tambi\u00e9n a la formaci\u00f3n de profesionales para la regi\u00f3n. Por ello, agradeci\u00f3 el apoyo de la Rectora Lilia Cedillo, y reconoci\u00f3 en ella liderazgo y visi\u00f3n para defender la calidad educativa y abrir nuevos espacios que mejoren las condiciones de estudio.<\/p>\n\n\n\n<p>M\u00e1s tarde, la Rectora Mar\u00eda Lilia Cedillo Ram\u00edrez acompa\u00f1\u00f3 al gobernador del estado al inicio de pavimentaci\u00f3n del camino San Pablo Actipan-Complejo Universitario, vialidad que comunicar\u00e1 de manera segura y r\u00e1pida a los integrantes de esta comunidad universitaria.<\/p>\n\n\n\n<p>A la inauguraci\u00f3n del edificio de la Licenciatura en Derecho, as\u00ed como a la pavimentaci\u00f3n de esa vialidad, asistieron tambi\u00e9n la presidenta de la Comisi\u00f3n de Educaci\u00f3n del Congreso del estado, Xel Arianna Hern\u00e1ndez Garc\u00eda; el diputado local por el distrito 13, con cabecera en Tepeaca, Roberto Bautista Lozano; y la presidenta del DIF municipal de Tepeaca, Rebeca S\u00e1nchez Gonz\u00e1lez. As\u00ed como el secretario General de la BUAP, Jos\u00e9 Manuel Alonso Orozco, y el director de Infraestructura Educativa de la BUAP, Daniel G\u00e1mez Rodr\u00edguez.<\/p>\n","protected":false},"excerpt":{"rendered":"<p>Gracias a la suma de voluntades, entre la BUAP y los gobiernos municipal y estatal, ha sido posible el crecimiento de la infraestructura f\u00edsica en las regiones del estado, para&hellip; <\/p>\n","protected":false},"author":1,"featured_media":2148,"comment_status":"closed","ping_status":"open","sticky":false,"template":"","format":"standard","meta":{"om_disable_all_campaigns":false,"_uag_custom_page_level_css":"","_monsterinsights_skip_tracking":false,"_monsterinsights_sitenote_active":false,"_monsterinsights_sitenote_note":"","_monsterinsights_sitenote_category":0,"_uf_show_specific_survey":0,"_uf_disable_surveys":false},"categories":[1],"tags":[],"aioseo_notices":[],"uagb_featured_image_src":{"full":["https:\/\/xpresspuebla.com\/wp-content\/uploads\/2023\/09\/A_Tepeaca_5.jpeg",640,427,false],"thumbnail":["https:\/\/xpresspuebla.com\/wp-content\/uploads\/2023\/09\/A_Tepeaca_5-150x150.jpeg",150,150,true],"medium":["https:\/\/xpresspuebla.com\/wp-content\/uploads\/2023\/09\/A_Tepeaca_5-300x200.jpeg",300,200,true],"medium_large":["https:\/\/xpresspuebla.com\/wp-content\/uploads\/2023\/09\/A_Tepeaca_5.jpeg",640,427,false],"large":["https:\/\/xpresspuebla.com\/wp-content\/uploads\/2023\/09\/A_Tepeaca_5.jpeg",640,427,false],"1536x1536":["https:\/\/xpresspuebla.com\/wp-content\/uploads\/2023\/09\/A_Tepeaca_5.jpeg",640,427,false],"2048x2048":["https:\/\/xpresspuebla.com\/wp-content\/uploads\/2023\/09\/A_Tepeaca_5.jpeg",640,427,false]},"uagb_author_info":{"display_name":"xpresspuebla.com","author_link":"https:\/\/xpresspuebla.com\/index.php\/author\/xpresspuebla-com\/"},"uagb_comment_info":0,"uagb_excerpt":"Gracias a la suma de voluntades, entre la BUAP y los gobiernos municipal y estatal, ha sido posible el crecimiento de la infraestructura f\u00edsica en las regiones del estado, para&hellip;","_links":{"self":[{"href":"https:\/\/xpresspuebla.com\/index.php\/wp-json\/wp\/v2\/posts\/2147"}],"collection":[{"href":"https:\/\/xpresspuebla.com\/index.php\/wp-json\/wp\/v2\/posts"}],"about":[{"href":"https:\/\/xpresspuebla.com\/index.php\/wp-json\/wp\/v2\/types\/post"}],"author":[{"embeddable":true,"href":"https:\/\/xpresspuebla.com\/index.php\/wp-json\/wp\/v2\/users\/1"}],"replies":[{"embeddable":true,"href":"https:\/\/xpresspuebla.com\/index.php\/wp-json\/wp\/v2\/comments?post=2147"}],"version-history":[{"count":1,"href":"https:\/\/xpresspuebla.com\/index.php\/wp-json\/wp\/v2\/posts\/2147\/revisions"}],"predecessor-version":[{"id":2149,"href":"https:\/\/xpresspuebla.com\/index.php\/wp-json\/wp\/v2\/posts\/2147\/revisions\/2149"}],"wp:featuredmedia":[{"embeddable":true,"href":"https:\/\/xpresspuebla.com\/index.php\/wp-json\/wp\/v2\/media\/2148"}],"wp:attachment":[{"href":"https:\/\/xpresspuebla.com\/index.php\/wp-json\/wp\/v2\/media?parent=2147"}],"wp:term":[{"taxonomy":"category","embeddable":true,"href":"https:\/\/xpresspuebla.com\/index.php\/wp-json\/wp\/v2\/categories?post=2147"},{"taxonomy":"post_tag","embeddable":true,"href":"https:\/\/xpresspuebla.com\/index.php\/wp-json\/wp\/v2\/tags?post=2147"}],"curies":[{"name":"wp","href":"https:\/\/api.w.org\/{rel}","templated":true}]}}