{"id":2547,"date":"2023-10-14T10:35:04","date_gmt":"2023-10-14T16:35:04","guid":{"rendered":"https:\/\/xpresspuebla.com\/?p=2547"},"modified":"2023-10-18T10:36:04","modified_gmt":"2023-10-18T16:36:04","slug":"alumnos-de-la-buap-encabezan-las-representaciones-del-estado-en-las-olimpiadas-nacionales-de-matematicas-y-de-fisica","status":"publish","type":"post","link":"https:\/\/xpresspuebla.com\/index.php\/2023\/10\/14\/alumnos-de-la-buap-encabezan-las-representaciones-del-estado-en-las-olimpiadas-nacionales-de-matematicas-y-de-fisica\/","title":{"rendered":"Alumnos de la BUAP encabezan las representaciones del estado en las olimpiadas nacionales de Matem\u00e1ticas y de F\u00edsica"},"content":{"rendered":"\n<p><strong>La XXXVII Olimpiada Mexicana de Matem\u00e1ticas se realizar\u00e1 del 5 al 10 de noviembre, en Durango; y la XXXIV Olimpiada Nacional de F\u00edsica, del 19 al 23 de noviembre, en Guadalajara<\/strong><\/p>\n\n\n\n<p>Los estudiantes de la Preparatoria Regional Sim\u00f3n Bol\u00edvar de Atlixco y del Bachillerato Internacional 5 de Mayo, de la BUAP, Y\u00e9rik Dami\u00e1n Flores Torres y Jaime L\u00f3pez Ortiz, obtuvieron el primer lugar en las olimpiadas estatales de Matem\u00e1ticas y de F\u00edsica, respectivamente, con lo cual encabezan las representaciones de Puebla en la fase nacional de estas competencias del conocimiento. Con ello, una vez m\u00e1s, esta Casa de Estudios refrenda su compromiso con la calidad educativa.<\/p>\n\n\n\n<p>En ambos concursos de conocimientos los alumnos resolvieron durante dos y tres d\u00edas ex\u00e1menes con duraci\u00f3n de 4 a 4 horas y media; hoy se preparan de la mano de ex ol\u00edmpicos, tambi\u00e9n estudiantes de la BUAP, para enfrentar con \u00e9xito la XXXVII Olimpiada Mexicana de Matem\u00e1ticas, del 5 al 10 de noviembre; y la XXXIV Olimpiada Nacional de F\u00edsica, del 19 al 23 de noviembre.<\/p>\n\n\n\n<p><strong>Las Matem\u00e1ticas son divertidas y entretenidas<\/strong><\/p>\n\n\n\n<p>La selecci\u00f3n estatal que participar\u00e1 en la XXXVII Olimpiada Mexicana de Matem\u00e1ticas, en Durango, Durango, est\u00e1 integrada por seis alumnos, de los cuales tres son preparatorianos de la BUAP: Y\u00e9rik Dami\u00e1n Flores, primer lugar; Ang\u00e9lica P\u00e9rez Ram\u00edrez y Jos\u00e9 Eduardo Deci\u00f3n P\u00e9rez, cuarto y quinto lugar, respectivamente, ambos de la Preparatoria Emiliano Zapata.<\/p>\n\n\n\n<p>El grupo fue conformado luego de la aplicaci\u00f3n de ex\u00e1menes en cinco etapas, los d\u00edas 30 de septiembre y 1 de octubre, con los seis mejores resultados en la resoluci\u00f3n de problemas.<\/p>\n\n\n\n<p>Alumno del tercer semestre de la Sim\u00f3n Bol\u00edvar de Atlixco, desde la secundaria Y\u00e9rik Dami\u00e1n Flores ha participado en la Olimpiada Mexicana de Matem\u00e1ticas, que organiza la Sociedad Matem\u00e1tica Mexicana. A la fecha ha obtenido dos medallas de plata y una de bronce, as\u00ed como una Menci\u00f3n Honor\u00edfica. De las Matem\u00e1ticas dice: \u201cse me hace muy entretenido y divertido resolver acertijos y problemas\u201d.<\/p>\n\n\n\n<p><strong>La F\u00edsica es una forma de explorar el mundo desde su esencia<\/strong><\/p>\n\n\n\n<p>Con miras a su participaci\u00f3n en la XXXIV Olimpiada Nacional de F\u00edsica, que tendr\u00e1 lugar en Guadalajara, Jalisco, Jaime L\u00f3pez Ortiz, primer lugar, se prepara por su cuenta a la par de la asesor\u00eda que le brindan ex ol\u00edmpicos que hoy cursan una licenciatura en la M\u00e1xima Casa de Estudios en Puebla.<\/p>\n\n\n\n<p>El estudiante del tercer semestre del Bachillerato Internacional 5 de Mayo -como Y\u00e9rik, s\u00f3lo que en F\u00edsica-, se inclin\u00f3 desde la secundaria por esta ciencia: \u201cMe gusta porque es otra forma de ver el mundo; por qu\u00e9 el sol brilla o por qu\u00e9 despu\u00e9s de un cielo nublado llueve. Para m\u00ed es una forma de explorar el mundo desde su esencia\u201d.<\/p>\n\n\n\n<p>La representaci\u00f3n poblana que asistir\u00e1 a la fase nacional est\u00e1 integrada por cuatro alumnos, de los cuales tres son de la BUAP. En este grupo Jaime L\u00f3pez logr\u00f3 el primer lugar, mientras que Emiliano Nolasco Cervantes, de la Preparatoria Emiliano Zapata, el segundo; y \u00c1ngel Gabriel Mungu\u00eda Vel\u00e1zquez, del Bachillerato Internacional 5 de Mayo, el cuarto.<\/p>\n\n\n\n<p>\u201cLa verdad no me lo esperaba, es una grata sorpresa haber obtenido el primer lugar; me siento muy orgulloso, fue algo que trabaj\u00e9 mucho\u201d, expresa Jaime, quien desde ahora ha definido su futuro profesional en la ingenier\u00eda aeroespacial.<\/p>\n","protected":false},"excerpt":{"rendered":"<p>La XXXVII Olimpiada Mexicana de Matem\u00e1ticas se realizar\u00e1 del 5 al 10 de noviembre, en Durango; y la XXXIV Olimpiada Nacional de F\u00edsica, del 19 al 23 de noviembre, en&hellip; <\/p>\n","protected":false},"author":1,"featured_media":2548,"comment_status":"closed","ping_status":"open","sticky":false,"template":"","format":"standard","meta":{"om_disable_all_campaigns":false,"_uag_custom_page_level_css":"","_monsterinsights_skip_tracking":false,"_monsterinsights_sitenote_active":false,"_monsterinsights_sitenote_note":"","_monsterinsights_sitenote_category":0,"_uf_show_specific_survey":0,"_uf_disable_surveys":false},"categories":[1],"tags":[],"aioseo_notices":[],"uagb_featured_image_src":{"full":["https:\/\/xpresspuebla.com\/wp-content\/uploads\/2023\/10\/A_Olimpiada_10.jpeg",640,427,false],"thumbnail":["https:\/\/xpresspuebla.com\/wp-content\/uploads\/2023\/10\/A_Olimpiada_10-150x150.jpeg",150,150,true],"medium":["https:\/\/xpresspuebla.com\/wp-content\/uploads\/2023\/10\/A_Olimpiada_10-300x200.jpeg",300,200,true],"medium_large":["https:\/\/xpresspuebla.com\/wp-content\/uploads\/2023\/10\/A_Olimpiada_10.jpeg",640,427,false],"large":["https:\/\/xpresspuebla.com\/wp-content\/uploads\/2023\/10\/A_Olimpiada_10.jpeg",640,427,false],"1536x1536":["https:\/\/xpresspuebla.com\/wp-content\/uploads\/2023\/10\/A_Olimpiada_10.jpeg",640,427,false],"2048x2048":["https:\/\/xpresspuebla.com\/wp-content\/uploads\/2023\/10\/A_Olimpiada_10.jpeg",640,427,false]},"uagb_author_info":{"display_name":"xpresspuebla.com","author_link":"https:\/\/xpresspuebla.com\/index.php\/author\/xpresspuebla-com\/"},"uagb_comment_info":0,"uagb_excerpt":"La XXXVII Olimpiada Mexicana de Matem\u00e1ticas se realizar\u00e1 del 5 al 10 de noviembre, en Durango; y la XXXIV Olimpiada Nacional de F\u00edsica, del 19 al 23 de noviembre, en&hellip;","_links":{"self":[{"href":"https:\/\/xpresspuebla.com\/index.php\/wp-json\/wp\/v2\/posts\/2547"}],"collection":[{"href":"https:\/\/xpresspuebla.com\/index.php\/wp-json\/wp\/v2\/posts"}],"about":[{"href":"https:\/\/xpresspuebla.com\/index.php\/wp-json\/wp\/v2\/types\/post"}],"author":[{"embeddable":true,"href":"https:\/\/xpresspuebla.com\/index.php\/wp-json\/wp\/v2\/users\/1"}],"replies":[{"embeddable":true,"href":"https:\/\/xpresspuebla.com\/index.php\/wp-json\/wp\/v2\/comments?post=2547"}],"version-history":[{"count":1,"href":"https:\/\/xpresspuebla.com\/index.php\/wp-json\/wp\/v2\/posts\/2547\/revisions"}],"predecessor-version":[{"id":2549,"href":"https:\/\/xpresspuebla.com\/index.php\/wp-json\/wp\/v2\/posts\/2547\/revisions\/2549"}],"wp:featuredmedia":[{"embeddable":true,"href":"https:\/\/xpresspuebla.com\/index.php\/wp-json\/wp\/v2\/media\/2548"}],"wp:attachment":[{"href":"https:\/\/xpresspuebla.com\/index.php\/wp-json\/wp\/v2\/media?parent=2547"}],"wp:term":[{"taxonomy":"category","embeddable":true,"href":"https:\/\/xpresspuebla.com\/index.php\/wp-json\/wp\/v2\/categories?post=2547"},{"taxonomy":"post_tag","embeddable":true,"href":"https:\/\/xpresspuebla.com\/index.php\/wp-json\/wp\/v2\/tags?post=2547"}],"curies":[{"name":"wp","href":"https:\/\/api.w.org\/{rel}","templated":true}]}}