{"id":2550,"date":"2023-10-15T10:36:10","date_gmt":"2023-10-15T16:36:10","guid":{"rendered":"https:\/\/xpresspuebla.com\/?p=2550"},"modified":"2023-10-18T10:36:59","modified_gmt":"2023-10-18T16:36:59","slug":"la-buap-estara-presente-en-la-feria-del-libro-de-frankfurt-2023","status":"publish","type":"post","link":"https:\/\/xpresspuebla.com\/index.php\/2023\/10\/15\/la-buap-estara-presente-en-la-feria-del-libro-de-frankfurt-2023\/","title":{"rendered":"La BUAP estar\u00e1 presente en la Feria del Libro de Frankfurt 2023"},"content":{"rendered":"\n<p><strong>Del 18 al 22 de octubre, la instituci\u00f3n dar\u00e1 a conocer el trabajo de sus investigadores y presentar\u00e1 nuevas colecciones<\/strong><\/p>\n\n\n\n<p>Por primera vez, parte del fondo editorial de la BUAP tendr\u00e1 presencia en la exhibici\u00f3n de libros m\u00e1s importante del mundo: la Feria del Libro de Frankfurt, organizada por la Asociaci\u00f3n de Publicadores y Libreros de Alemania, cuya caracter\u00edstica principal es la comercializaci\u00f3n de los derechos de publicaci\u00f3n.<\/p>\n\n\n\n<p>En la edici\u00f3n n\u00famero 75 de esta feria que tendr\u00e1 lugar del 18 al 22 de octubre, la M\u00e1xima Casa de Estudios en Puebla -en colaboraci\u00f3n con Ediciones De Lirio- dar\u00e1 a conocer el trabajo de sus investigadores y presentar\u00e1 nuevas colecciones, como Necropsia y Contempor\u00e1neas; adem\u00e1s, dar\u00e1 visibilidad al trabajo de estudiantes con libros de su autor\u00eda.<\/p>\n\n\n\n<p>Algunos de los ejemplares que se presentar\u00e1n son Sobre el oficio de escritor, de Ra\u00fal Dorra Zech; El COVID y sus cuates, de Mar\u00eda Lilia Cedillo Ram\u00edrez; Cuauht\u00e9moc negado, de Jorge Veraza; Llorar de fiesta, de Elma Correa; Los colores de la pandemia, un trabajo de estudiantes y docentes de la Escuela de Artes Pl\u00e1sticas y Audiovisuales; Escribir el crimen, de Roberto Coria; Hola, te sigo esperando, de Agust\u00edn Monsreal; Cach\u00fa Hermanos, fot\u00f3grafos, de Nidia Balc\u00e1zar; Cicatrices, de Ana Fuente; y, Procesos creativos en las artes: ocho perspectivas interdisciplinarias.<\/p>\n\n\n\n<p>Esta presencia en Frankfurt, Alemania, es un paso importante para la BUAP en su consolidaci\u00f3n internacional como editorial universitaria, ya que de esta manera estrecha lazos de trabajo y fortalece su visibilidad institucional. A lo largo de su historia, la instituci\u00f3n se ha caracterizado por la calidad de sus libros, presencia y distribuci\u00f3n a nivel nacional. Asimismo, por convenios editoriales y coediciones en Argentina, Uruguay, Colombia y Espa\u00f1a.<\/p>\n\n\n\n<p>Este a\u00f1o particip\u00f3 en los espacios editoriales m\u00e1s importantes del pa\u00eds: la edici\u00f3n 45 de la Feria Internacional del Libro del Palacio de Miner\u00eda (FILPM) y la V Feria Internacional del Libro de las Universitarias y los Universitarios (FILUNI) en la UNAM; pr\u00f3ximamente estar\u00e1 en las del Libro del Z\u00f3calo de la Ciudad de M\u00e9xico e Internacional del Libro de Guadalajara.<\/p>\n\n\n\n<p>Para este 2023, Eslovenia es el pa\u00eds invitado en la Feria del Libro de Frankfurt, est\u00e1n acreditados periodistas de m\u00e1s de 100 pa\u00edses y se esperan aproximadamente 7 mil 500 expositores y m\u00e1s de 300 mil visitantes.<\/p>\n","protected":false},"excerpt":{"rendered":"<p>Del 18 al 22 de octubre, la instituci\u00f3n dar\u00e1 a conocer el trabajo de sus investigadores y presentar\u00e1 nuevas colecciones Por primera vez, parte del fondo editorial de la BUAP&hellip; <\/p>\n","protected":false},"author":1,"featured_media":2551,"comment_status":"closed","ping_status":"open","sticky":false,"template":"","format":"standard","meta":{"om_disable_all_campaigns":false,"_uag_custom_page_level_css":"","_monsterinsights_skip_tracking":false,"_monsterinsights_sitenote_active":false,"_monsterinsights_sitenote_note":"","_monsterinsights_sitenote_category":0,"_uf_show_specific_survey":0,"_uf_disable_surveys":false},"categories":[1],"tags":[],"aioseo_notices":[],"uagb_featured_image_src":{"full":["https:\/\/xpresspuebla.com\/wp-content\/uploads\/2023\/10\/A_VEDC_11.jpeg",640,427,false],"thumbnail":["https:\/\/xpresspuebla.com\/wp-content\/uploads\/2023\/10\/A_VEDC_11-150x150.jpeg",150,150,true],"medium":["https:\/\/xpresspuebla.com\/wp-content\/uploads\/2023\/10\/A_VEDC_11-300x200.jpeg",300,200,true],"medium_large":["https:\/\/xpresspuebla.com\/wp-content\/uploads\/2023\/10\/A_VEDC_11.jpeg",640,427,false],"large":["https:\/\/xpresspuebla.com\/wp-content\/uploads\/2023\/10\/A_VEDC_11.jpeg",640,427,false],"1536x1536":["https:\/\/xpresspuebla.com\/wp-content\/uploads\/2023\/10\/A_VEDC_11.jpeg",640,427,false],"2048x2048":["https:\/\/xpresspuebla.com\/wp-content\/uploads\/2023\/10\/A_VEDC_11.jpeg",640,427,false]},"uagb_author_info":{"display_name":"xpresspuebla.com","author_link":"https:\/\/xpresspuebla.com\/index.php\/author\/xpresspuebla-com\/"},"uagb_comment_info":0,"uagb_excerpt":"Del 18 al 22 de octubre, la instituci\u00f3n dar\u00e1 a conocer el trabajo de sus investigadores y presentar\u00e1 nuevas colecciones Por primera vez, parte del fondo editorial de la BUAP&hellip;","_links":{"self":[{"href":"https:\/\/xpresspuebla.com\/index.php\/wp-json\/wp\/v2\/posts\/2550"}],"collection":[{"href":"https:\/\/xpresspuebla.com\/index.php\/wp-json\/wp\/v2\/posts"}],"about":[{"href":"https:\/\/xpresspuebla.com\/index.php\/wp-json\/wp\/v2\/types\/post"}],"author":[{"embeddable":true,"href":"https:\/\/xpresspuebla.com\/index.php\/wp-json\/wp\/v2\/users\/1"}],"replies":[{"embeddable":true,"href":"https:\/\/xpresspuebla.com\/index.php\/wp-json\/wp\/v2\/comments?post=2550"}],"version-history":[{"count":1,"href":"https:\/\/xpresspuebla.com\/index.php\/wp-json\/wp\/v2\/posts\/2550\/revisions"}],"predecessor-version":[{"id":2552,"href":"https:\/\/xpresspuebla.com\/index.php\/wp-json\/wp\/v2\/posts\/2550\/revisions\/2552"}],"wp:featuredmedia":[{"embeddable":true,"href":"https:\/\/xpresspuebla.com\/index.php\/wp-json\/wp\/v2\/media\/2551"}],"wp:attachment":[{"href":"https:\/\/xpresspuebla.com\/index.php\/wp-json\/wp\/v2\/media?parent=2550"}],"wp:term":[{"taxonomy":"category","embeddable":true,"href":"https:\/\/xpresspuebla.com\/index.php\/wp-json\/wp\/v2\/categories?post=2550"},{"taxonomy":"post_tag","embeddable":true,"href":"https:\/\/xpresspuebla.com\/index.php\/wp-json\/wp\/v2\/tags?post=2550"}],"curies":[{"name":"wp","href":"https:\/\/api.w.org\/{rel}","templated":true}]}}