{"id":2554,"date":"2023-10-16T18:34:58","date_gmt":"2023-10-17T00:34:58","guid":{"rendered":"https:\/\/xpresspuebla.com\/?p=2554"},"modified":"2023-11-05T18:36:57","modified_gmt":"2023-11-06T00:36:57","slug":"somos-mas-que-energia-exposicion-en-la-biblioteca-central-universitaria","status":"publish","type":"post","link":"https:\/\/xpresspuebla.com\/index.php\/2023\/10\/16\/somos-mas-que-energia-exposicion-en-la-biblioteca-central-universitaria\/","title":{"rendered":"\u201cSomos m\u00e1s que energ\u00eda\u201d, exposici\u00f3n en la Biblioteca Central Universitaria"},"content":{"rendered":"\n<ul>\n<li><strong>La integran 52 fotograf\u00edas que ilustran el nacimiento y la nacionalizaci\u00f3n de la CFE<\/strong><\/li>\n<\/ul>\n\n\n\n<p>\u201cSomos m\u00e1s que energ\u00eda\u201d es una exposici\u00f3n conformada por 52 fotograf\u00edas que ilustran dos momentos hist\u00f3ricos de la Comisi\u00f3n Federal de Electricidad: su nacimiento (14 de agosto de 1937) y su nacionalizaci\u00f3n (27 de septiembre de 1960) durante el gobierno de Adolfo L\u00f3pez Mateos, la cual estar\u00e1 abierta al p\u00fablico hasta el 10 de noviembre en la Biblioteca Central Universitaria.<\/p>\n\n\n\n<p>\u201cSomos m\u00e1s que energ\u00eda\u201d est\u00e1 dividida en seis secciones. Se trata de una muestra itinerante que inicia en la BUAP&nbsp; y posteriormente ser\u00e1 exhibida en varias sedes de la Rep\u00fablica Mexicana, para difundir parte de la historia de esta industria, uno de los pilares de la econom\u00eda del pa\u00eds.<\/p>\n","protected":false},"excerpt":{"rendered":"<p>\u201cSomos m\u00e1s que energ\u00eda\u201d es una exposici\u00f3n conformada por 52 fotograf\u00edas que ilustran dos momentos hist\u00f3ricos de la Comisi\u00f3n Federal de Electricidad: su nacimiento (14 de agosto de 1937) y&hellip; <\/p>\n","protected":false},"author":1,"featured_media":2555,"comment_status":"closed","ping_status":"open","sticky":false,"template":"","format":"standard","meta":{"om_disable_all_campaigns":false,"_uag_custom_page_level_css":"","_monsterinsights_skip_tracking":false,"_monsterinsights_sitenote_active":false,"_monsterinsights_sitenote_note":"","_monsterinsights_sitenote_category":0,"_uf_show_specific_survey":0,"_uf_disable_surveys":false},"categories":[1],"tags":[],"aioseo_notices":[],"uagb_featured_image_src":{"full":["https:\/\/xpresspuebla.com\/wp-content\/uploads\/2023\/11\/B-CFE-scaled.jpeg",2560,1707,false],"thumbnail":["https:\/\/xpresspuebla.com\/wp-content\/uploads\/2023\/11\/B-CFE-150x150.jpeg",150,150,true],"medium":["https:\/\/xpresspuebla.com\/wp-content\/uploads\/2023\/11\/B-CFE-300x200.jpeg",300,200,true],"medium_large":["https:\/\/xpresspuebla.com\/wp-content\/uploads\/2023\/11\/B-CFE-768x512.jpeg",768,512,true],"large":["https:\/\/xpresspuebla.com\/wp-content\/uploads\/2023\/11\/B-CFE-1024x683.jpeg",1024,683,true],"1536x1536":["https:\/\/xpresspuebla.com\/wp-content\/uploads\/2023\/11\/B-CFE-1536x1024.jpeg",1536,1024,true],"2048x2048":["https:\/\/xpresspuebla.com\/wp-content\/uploads\/2023\/11\/B-CFE-2048x1365.jpeg",2048,1365,true]},"uagb_author_info":{"display_name":"xpresspuebla.com","author_link":"https:\/\/xpresspuebla.com\/index.php\/author\/xpresspuebla-com\/"},"uagb_comment_info":0,"uagb_excerpt":"\u201cSomos m\u00e1s que energ\u00eda\u201d es una exposici\u00f3n conformada por 52 fotograf\u00edas que ilustran dos momentos hist\u00f3ricos de la Comisi\u00f3n Federal de Electricidad: su nacimiento (14 de agosto de 1937) y&hellip;","_links":{"self":[{"href":"https:\/\/xpresspuebla.com\/index.php\/wp-json\/wp\/v2\/posts\/2554"}],"collection":[{"href":"https:\/\/xpresspuebla.com\/index.php\/wp-json\/wp\/v2\/posts"}],"about":[{"href":"https:\/\/xpresspuebla.com\/index.php\/wp-json\/wp\/v2\/types\/post"}],"author":[{"embeddable":true,"href":"https:\/\/xpresspuebla.com\/index.php\/wp-json\/wp\/v2\/users\/1"}],"replies":[{"embeddable":true,"href":"https:\/\/xpresspuebla.com\/index.php\/wp-json\/wp\/v2\/comments?post=2554"}],"version-history":[{"count":1,"href":"https:\/\/xpresspuebla.com\/index.php\/wp-json\/wp\/v2\/posts\/2554\/revisions"}],"predecessor-version":[{"id":2556,"href":"https:\/\/xpresspuebla.com\/index.php\/wp-json\/wp\/v2\/posts\/2554\/revisions\/2556"}],"wp:featuredmedia":[{"embeddable":true,"href":"https:\/\/xpresspuebla.com\/index.php\/wp-json\/wp\/v2\/media\/2555"}],"wp:attachment":[{"href":"https:\/\/xpresspuebla.com\/index.php\/wp-json\/wp\/v2\/media?parent=2554"}],"wp:term":[{"taxonomy":"category","embeddable":true,"href":"https:\/\/xpresspuebla.com\/index.php\/wp-json\/wp\/v2\/categories?post=2554"},{"taxonomy":"post_tag","embeddable":true,"href":"https:\/\/xpresspuebla.com\/index.php\/wp-json\/wp\/v2\/tags?post=2554"}],"curies":[{"name":"wp","href":"https:\/\/api.w.org\/{rel}","templated":true}]}}