{"id":2558,"date":"2023-10-16T18:39:00","date_gmt":"2023-10-17T00:39:00","guid":{"rendered":"https:\/\/xpresspuebla.com\/?p=2558"},"modified":"2023-11-05T18:42:23","modified_gmt":"2023-11-06T00:42:23","slug":"investigadores-impulsan-vinculacion-social-a-traves-de-la-exploracion-literaria-y-cientifica","status":"publish","type":"post","link":"https:\/\/xpresspuebla.com\/index.php\/2023\/10\/16\/investigadores-impulsan-vinculacion-social-a-traves-de-la-exploracion-literaria-y-cientifica\/","title":{"rendered":"Investigadores impulsan vinculaci\u00f3n social a trav\u00e9s de la exploraci\u00f3n literaria y cient\u00edfica"},"content":{"rendered":"\n<ul>\n<li><strong>En el marco del 70 aniversario de la Facultad de Arquitectura se realiz\u00f3 la Feria de Lectura y Experiencias en beneficio de ni\u00f1os, ni\u00f1as y adolescentes<\/strong><\/li>\n<\/ul>\n\n\n\n<p>Para fortalecer el intercambio acad\u00e9mico interdisciplinario que derive en un beneficio comunitario, investigadores de la Facultad de Arquitectura trabajan en reforzar la vinculaci\u00f3n social a trav\u00e9s de actividades que impulsan el aprendizaje l\u00fadico y la exploraci\u00f3n literaria en ni\u00f1os, ni\u00f1as y adolescentes, sobre todo en zonas marginadas o con entornos violentos.<\/p>\n\n\n\n<p>La doctora Mara Edna Serrano Acu\u00f1a, l\u00edder del Cuerpo Acad\u00e9mico 249 \u201cDesarrollo Tecnol\u00f3gico y Vinculaci\u00f3n Educativa\u201d, de la Facultad de Arquitectura, inform\u00f3 que una parte fundamental del trabajo que desarrollan es la vinculaci\u00f3n con otros sectores, como el Consejo Puebla de Lectura, con el que organizaron en fechas recientes la Feria de Lectura y Experiencias FLEEX 2023, en el marco del 70 aniversario de esa unidad acad\u00e9mica.<\/p>\n\n\n\n<p>\u201cLa Feria de Lectura y Experiencias, FLEEX 2023, es una de las estrategias de vinculaci\u00f3n de este cuerpo acad\u00e9mico; se trata de un ejercicio que impacta a sectores que est\u00e1n fuera de la universidad y una forma como la instituci\u00f3n extiende sus conocimientos y tecnolog\u00eda a casos espec\u00edficos del entorno\u201d, coment\u00f3.<\/p>\n\n\n\n<p>Serrano Acu\u00f1a destac\u00f3 que como grupo acad\u00e9mico proponen eventos, analizan la equidad en el uso de la tecnolog\u00eda y de herramientas que impulsan la lectura, &nbsp;y c\u00f3mo la carencia de \u00e9stas impacta en la educaci\u00f3n b\u00e1sica y de otros niveles.<\/p>\n\n\n\n<p>En cuanto a la Feria de Lectura y Experiencias FLEEX, mencion\u00f3 que se llev\u00f3 cabo de forma itinerante en tres sedes: la Facultad de Arquitectura, la Escuela Primaria Emiliano Zapata y la Biblioteca Alma, esta \u00faltima se enfoca en ni\u00f1os y ni\u00f1as del barrio de El Alto, donde el reto es impulsar el h\u00e1bito de lectura sin impon\u00e9rselos, como actores principales de un espacio seguro y alternativo, en medio de un entorno considerado violento. Ah\u00ed pueden participar, jugar, ser escuchados y encontrar temas de su inter\u00e9s.<\/p>\n\n\n\n<p>La investigadora destac\u00f3 que en este tipo de eventos el papel del dise\u00f1ador gr\u00e1fico es muy importante, porque les permite presentar materiales atractivos a los ni\u00f1os y ni\u00f1as, organizar talleres y otras actividades que captan su inter\u00e9s.<\/p>\n\n\n\n<p>En cuanto a las actividades de FLEEX 2023, se\u00f1al\u00f3 que durante dos d\u00edas se transmitieron conferencias virtuales y talleres presenciales, como el de Narrativas transmedia para ni\u00f1os y adolescentes, impartido por especialistas de la Universidad Aut\u00f3noma de Tlaxcala. Asimismo, especialistas del Colegio de Dise\u00f1o Gr\u00e1fico de la Facultad de Arquitectura de la BUAP y del Consejo Puebla de Lectura explicaron la importancia de los artefactos textuales y las experiencias lectoras.<\/p>\n\n\n\n<p>Todas estas actividades tambi\u00e9n contaron con el apoyo de egresados, estudiantes de servicio social y pr\u00e1ctica profesional; la participaci\u00f3n de investigadores de las facultades de Artes, Arquitectura, Filosof\u00eda y Administraci\u00f3n y del ICUAP; especialistas de la Universidad Veracruzana y de los grupos representativos de alumnos y egresados de la Licenciatura en Danza de la BUAP. Derivado de estas experiencias, la doctora Mara Edna Serrano refiri\u00f3 que estas actividades beneficiaron a 200 ni\u00f1as y ni\u00f1os de la Escuela Emiliano Zapata.<\/p>\n\n\n\n<p><\/p>\n","protected":false},"excerpt":{"rendered":"<p>Para fortalecer el intercambio acad\u00e9mico interdisciplinario que derive en un beneficio comunitario, investigadores de la Facultad de Arquitectura trabajan en reforzar la vinculaci\u00f3n social a trav\u00e9s de actividades que impulsan&hellip; <\/p>\n","protected":false},"author":1,"featured_media":2559,"comment_status":"closed","ping_status":"open","sticky":false,"template":"","format":"standard","meta":{"om_disable_all_campaigns":false,"_uag_custom_page_level_css":"","_monsterinsights_skip_tracking":false,"_monsterinsights_sitenote_active":false,"_monsterinsights_sitenote_note":"","_monsterinsights_sitenote_category":0,"_uf_show_specific_survey":0,"_uf_disable_surveys":false},"categories":[1],"tags":[],"aioseo_notices":[],"uagb_featured_image_src":{"full":["https:\/\/xpresspuebla.com\/wp-content\/uploads\/2023\/11\/B-Arquitectura_10-scaled.jpeg",2560,1707,false],"thumbnail":["https:\/\/xpresspuebla.com\/wp-content\/uploads\/2023\/11\/B-Arquitectura_10-150x150.jpeg",150,150,true],"medium":["https:\/\/xpresspuebla.com\/wp-content\/uploads\/2023\/11\/B-Arquitectura_10-300x200.jpeg",300,200,true],"medium_large":["https:\/\/xpresspuebla.com\/wp-content\/uploads\/2023\/11\/B-Arquitectura_10-768x512.jpeg",768,512,true],"large":["https:\/\/xpresspuebla.com\/wp-content\/uploads\/2023\/11\/B-Arquitectura_10-1024x683.jpeg",1024,683,true],"1536x1536":["https:\/\/xpresspuebla.com\/wp-content\/uploads\/2023\/11\/B-Arquitectura_10-1536x1024.jpeg",1536,1024,true],"2048x2048":["https:\/\/xpresspuebla.com\/wp-content\/uploads\/2023\/11\/B-Arquitectura_10-2048x1365.jpeg",2048,1365,true]},"uagb_author_info":{"display_name":"xpresspuebla.com","author_link":"https:\/\/xpresspuebla.com\/index.php\/author\/xpresspuebla-com\/"},"uagb_comment_info":0,"uagb_excerpt":"Para fortalecer el intercambio acad\u00e9mico interdisciplinario que derive en un beneficio comunitario, investigadores de la Facultad de Arquitectura trabajan en reforzar la vinculaci\u00f3n social a trav\u00e9s de actividades que impulsan&hellip;","_links":{"self":[{"href":"https:\/\/xpresspuebla.com\/index.php\/wp-json\/wp\/v2\/posts\/2558"}],"collection":[{"href":"https:\/\/xpresspuebla.com\/index.php\/wp-json\/wp\/v2\/posts"}],"about":[{"href":"https:\/\/xpresspuebla.com\/index.php\/wp-json\/wp\/v2\/types\/post"}],"author":[{"embeddable":true,"href":"https:\/\/xpresspuebla.com\/index.php\/wp-json\/wp\/v2\/users\/1"}],"replies":[{"embeddable":true,"href":"https:\/\/xpresspuebla.com\/index.php\/wp-json\/wp\/v2\/comments?post=2558"}],"version-history":[{"count":1,"href":"https:\/\/xpresspuebla.com\/index.php\/wp-json\/wp\/v2\/posts\/2558\/revisions"}],"predecessor-version":[{"id":2560,"href":"https:\/\/xpresspuebla.com\/index.php\/wp-json\/wp\/v2\/posts\/2558\/revisions\/2560"}],"wp:featuredmedia":[{"embeddable":true,"href":"https:\/\/xpresspuebla.com\/index.php\/wp-json\/wp\/v2\/media\/2559"}],"wp:attachment":[{"href":"https:\/\/xpresspuebla.com\/index.php\/wp-json\/wp\/v2\/media?parent=2558"}],"wp:term":[{"taxonomy":"category","embeddable":true,"href":"https:\/\/xpresspuebla.com\/index.php\/wp-json\/wp\/v2\/categories?post=2558"},{"taxonomy":"post_tag","embeddable":true,"href":"https:\/\/xpresspuebla.com\/index.php\/wp-json\/wp\/v2\/tags?post=2558"}],"curies":[{"name":"wp","href":"https:\/\/api.w.org\/{rel}","templated":true}]}}