{"id":2576,"date":"2023-10-22T18:51:00","date_gmt":"2023-10-23T00:51:00","guid":{"rendered":"https:\/\/xpresspuebla.com\/?p=2576"},"modified":"2023-11-05T18:53:25","modified_gmt":"2023-11-06T00:53:25","slug":"encabeza-la-rectora-maria-lilia-cedillo-ramirez-la-firma-de-convenio-entre-la-buap-y-el-imta","status":"publish","type":"post","link":"https:\/\/xpresspuebla.com\/index.php\/2023\/10\/22\/encabeza-la-rectora-maria-lilia-cedillo-ramirez-la-firma-de-convenio-entre-la-buap-y-el-imta\/","title":{"rendered":"Encabeza la Rectora Mar\u00eda Lilia Cedillo Ram\u00edrez la firma de convenio entre la BUAP y el IMTA"},"content":{"rendered":"\n<ul>\n<li><strong>El Instituto Mexicano de Tecnolog\u00eda del Agua (IMTA), a trav\u00e9s de su director general, Adri\u00e1n Pedrozo Acu\u00f1a, celebr\u00f3 la colaboraci\u00f3n con la universidad en beneficio de los futuros profesionistas<\/strong><\/li>\n<\/ul>\n\n\n\n<p>Para contribuir al desarrollo de la ciencia y la tecnolog\u00eda del agua, pero sobre todo para ofrecer a los estudiantes nuevas herramientas y experiencias sobre el manejo y soluci\u00f3n de problemas h\u00eddricos que afectan a la sociedad, la Rectora Mar\u00eda Lilia Cedillo Ram\u00edrez encabez\u00f3 la firma de un convenio de colaboraci\u00f3n entre la BUAP y el Instituto Mexicano de Tecnolog\u00eda del Agua (IMTA), representado por su director general, Adri\u00e1n Pedrozo Acu\u00f1a.<\/p>\n\n\n\n<p>La doctora Lilia Cedillo celebr\u00f3 el trabajo colaborativo que ambas instituciones inician, a fin de concretar la realizaci\u00f3n de diversos eventos acad\u00e9micos , como seminarios, talleres y un congreso: \u201cEsperamos estrechar esos lazos de cooperaci\u00f3n y aprovecho para proponer un seminario a distancia permanente, para que los j\u00f3venes vean lo que el IMTA hace y la trascendencia e impacto social que tiene este instituto\u201d, coment\u00f3.<\/p>\n\n\n\n<p>El doctor Adri\u00e1n Pedrozo Acu\u00f1a habl\u00f3 de la posibilidad de crear un m\u00f3dulo de aprendizaje contextualizado para que los estudiantes est\u00e9n en contacto con los casos que atiende el IMTA; adem\u00e1s de la organizaci\u00f3n de un congreso anual de alumnos de licenciatura y posgrado del \u00e1rea de ingenier\u00edas, &nbsp;para que puedan conocer sus proyectos, crear una red y hacer comunidad.<\/p>\n\n\n\n<p>Al acto protocolario tambi\u00e9n asistieron &nbsp;la Abogada General, Miriam Olga Ponce G\u00f3mez, &nbsp;y el vicerrector de Docencia, Jos\u00e9 Jaime V\u00e1zquez L\u00f3pez, quien mencion\u00f3 que el manejo de los recursos h\u00eddricos en nuestra sociedad es fundamental, de ah\u00ed la importancia de formar recursos humanos altamente capacitados en el cuidado, manejo, gesti\u00f3n y capacidades t\u00e9cnicas. Refiri\u00f3 que la universidad asume esa responsabilidad para generar un conocimiento \u00fatil y pertinente, a trav\u00e9s de acciones impulsadas por la actual administraci\u00f3n central. Este convenio -dijo- es muestra de la disposici\u00f3n que hay en la instituci\u00f3n.<\/p>\n","protected":false},"excerpt":{"rendered":"<p>Para contribuir al desarrollo de la ciencia y la tecnolog\u00eda del agua, pero sobre todo para ofrecer a los estudiantes nuevas herramientas y experiencias sobre el manejo y soluci\u00f3n de&hellip; <\/p>\n","protected":false},"author":1,"featured_media":2577,"comment_status":"closed","ping_status":"open","sticky":false,"template":"","format":"standard","meta":{"om_disable_all_campaigns":false,"_uag_custom_page_level_css":"","_monsterinsights_skip_tracking":false,"_monsterinsights_sitenote_active":false,"_monsterinsights_sitenote_note":"","_monsterinsights_sitenote_category":0,"_uf_show_specific_survey":0,"_uf_disable_surveys":false},"categories":[1],"tags":[],"aioseo_notices":[],"uagb_featured_image_src":{"full":["https:\/\/xpresspuebla.com\/wp-content\/uploads\/2023\/11\/B-IMTA-scaled.jpeg",2560,1707,false],"thumbnail":["https:\/\/xpresspuebla.com\/wp-content\/uploads\/2023\/11\/B-IMTA-150x150.jpeg",150,150,true],"medium":["https:\/\/xpresspuebla.com\/wp-content\/uploads\/2023\/11\/B-IMTA-300x200.jpeg",300,200,true],"medium_large":["https:\/\/xpresspuebla.com\/wp-content\/uploads\/2023\/11\/B-IMTA-768x512.jpeg",768,512,true],"large":["https:\/\/xpresspuebla.com\/wp-content\/uploads\/2023\/11\/B-IMTA-1024x683.jpeg",1024,683,true],"1536x1536":["https:\/\/xpresspuebla.com\/wp-content\/uploads\/2023\/11\/B-IMTA-1536x1024.jpeg",1536,1024,true],"2048x2048":["https:\/\/xpresspuebla.com\/wp-content\/uploads\/2023\/11\/B-IMTA-2048x1365.jpeg",2048,1365,true]},"uagb_author_info":{"display_name":"xpresspuebla.com","author_link":"https:\/\/xpresspuebla.com\/index.php\/author\/xpresspuebla-com\/"},"uagb_comment_info":0,"uagb_excerpt":"Para contribuir al desarrollo de la ciencia y la tecnolog\u00eda del agua, pero sobre todo para ofrecer a los estudiantes nuevas herramientas y experiencias sobre el manejo y soluci\u00f3n de&hellip;","_links":{"self":[{"href":"https:\/\/xpresspuebla.com\/index.php\/wp-json\/wp\/v2\/posts\/2576"}],"collection":[{"href":"https:\/\/xpresspuebla.com\/index.php\/wp-json\/wp\/v2\/posts"}],"about":[{"href":"https:\/\/xpresspuebla.com\/index.php\/wp-json\/wp\/v2\/types\/post"}],"author":[{"embeddable":true,"href":"https:\/\/xpresspuebla.com\/index.php\/wp-json\/wp\/v2\/users\/1"}],"replies":[{"embeddable":true,"href":"https:\/\/xpresspuebla.com\/index.php\/wp-json\/wp\/v2\/comments?post=2576"}],"version-history":[{"count":1,"href":"https:\/\/xpresspuebla.com\/index.php\/wp-json\/wp\/v2\/posts\/2576\/revisions"}],"predecessor-version":[{"id":2578,"href":"https:\/\/xpresspuebla.com\/index.php\/wp-json\/wp\/v2\/posts\/2576\/revisions\/2578"}],"wp:featuredmedia":[{"embeddable":true,"href":"https:\/\/xpresspuebla.com\/index.php\/wp-json\/wp\/v2\/media\/2577"}],"wp:attachment":[{"href":"https:\/\/xpresspuebla.com\/index.php\/wp-json\/wp\/v2\/media?parent=2576"}],"wp:term":[{"taxonomy":"category","embeddable":true,"href":"https:\/\/xpresspuebla.com\/index.php\/wp-json\/wp\/v2\/categories?post=2576"},{"taxonomy":"post_tag","embeddable":true,"href":"https:\/\/xpresspuebla.com\/index.php\/wp-json\/wp\/v2\/tags?post=2576"}],"curies":[{"name":"wp","href":"https:\/\/api.w.org\/{rel}","templated":true}]}}