{"id":2715,"date":"2023-11-09T14:44:05","date_gmt":"2023-11-09T20:44:05","guid":{"rendered":"https:\/\/xpresspuebla.com\/?p=2715"},"modified":"2023-11-09T14:44:08","modified_gmt":"2023-11-09T20:44:08","slug":"afectados-por-huracan-otis-no-estan-solos-refrenda-sergio-salomon-al-entregar-beneficios-en-venustiano-carranza","status":"publish","type":"post","link":"https:\/\/xpresspuebla.com\/index.php\/2023\/11\/09\/afectados-por-huracan-otis-no-estan-solos-refrenda-sergio-salomon-al-entregar-beneficios-en-venustiano-carranza\/","title":{"rendered":"Afectados por Hurac\u00e1n &#8220;Otis&#8221; no est\u00e1n solos, refrenda Sergio Salom\u00f3n al entregar beneficios en Venustiano Carranza"},"content":{"rendered":"\n<p><em>-La administraci\u00f3n estatal favoreci\u00f3 a 146 familias con apoyos econ\u00f3micos y a 15 con viviendas&nbsp;<\/em><\/p>\n\n\n\n<p><em>-El mandatario anunci\u00f3 que inici\u00f3 la rehabilitaci\u00f3n de escuelas y puentes que resultaron da\u00f1ados por dicho fen\u00f3meno natural en el municipio&nbsp;<\/em><\/p>\n\n\n\n<p><strong>VENUSTIANO CARRANZA, Pue. \u2013<\/strong>&nbsp;Ante la presencia de fen\u00f3menos naturales que han causado afectaciones, Puebla ha salido adelante y refrendado que es un estado solidario, es por ello que las y los habitantes de este municipio que resultaron perjudicados por el hurac\u00e1n \u201cOtis\u201d no est\u00e1n solos, puntualiz\u00f3 el gobernador Sergio Salom\u00f3n al favorecer a 146 familias con apoyos econ\u00f3micos y a 15 con viviendas.&nbsp;<\/p>\n\n\n\n<p>En compa\u00f1\u00eda del edil, Ernesto Garc\u00eda Rodr\u00edguez y autoridades estatales y municipales, el titular del Ejecutivo manifest\u00f3 que su administraci\u00f3n est\u00e1 comprometida en brindar el apoyo necesario para que las personas afectadas en Venustiano Carranza puedan recuperar la estabilidad que merecen y vivir dignamente.&nbsp;<\/p>\n\n\n\n<p>Anunci\u00f3 que su gobierno tambi\u00e9n comenz\u00f3 con la rehabilitaci\u00f3n de cuatro escuelas: el preescolar \u201cMargarita Pati\u00f1o Tamariz\u201d, la secundaria \u201cVenustiano Carranza\u201d, la primaria \u201cGonzalo Bautista Castillo\u201d y el Centro de Atenci\u00f3n M\u00faltiple. Lo anterior, a fin de garantizar que las y los estudiantes tengan acceso a instalaciones seguras y de calidad para su educaci\u00f3n, porque ellos son \u201cel futuro de nuestra comunidad\u201d.<\/p>\n\n\n\n<p>Asimismo, dijo, ser\u00e1n intervenidos los distintos puentes que hay en el municipio con el prop\u00f3sito de mejorar la conectividad entre las comunidades.&nbsp;<\/p>\n\n\n\n<p>Sergio Salom\u00f3n llam\u00f3 a las y los poblanos a ser solidarios y coadyuvar con la autoridad para salir avante de cualquier desaf\u00edo y estrago causado por fen\u00f3menos naturales: \u201cnuestra capacidad para superar los imprevistos de la naturaleza es muy fuerte, porque siempre ha prevalecido el esp\u00edritu de protecci\u00f3n y solidaridad\u201d.<\/p>\n","protected":false},"excerpt":{"rendered":"<p>-La administraci\u00f3n estatal favoreci\u00f3 a 146 familias con apoyos econ\u00f3micos y a 15 con viviendas&nbsp; -El mandatario anunci\u00f3 que inici\u00f3 la rehabilitaci\u00f3n de escuelas y puentes que resultaron da\u00f1ados por&hellip; <\/p>\n","protected":false},"author":1,"featured_media":2716,"comment_status":"closed","ping_status":"open","sticky":false,"template":"","format":"standard","meta":{"om_disable_all_campaigns":false,"_uag_custom_page_level_css":"","_monsterinsights_skip_tracking":false,"_monsterinsights_sitenote_active":false,"_monsterinsights_sitenote_note":"","_monsterinsights_sitenote_category":0,"_uf_show_specific_survey":0,"_uf_disable_surveys":false},"categories":[12],"tags":[],"aioseo_notices":[],"uagb_featured_image_src":{"full":["https:\/\/xpresspuebla.com\/wp-content\/uploads\/2023\/11\/GOB-SS-CP-560-2023-AFECTADOS-POR-HURACAN-OTIS-081123-3-scaled.jpg",2560,1703,false],"thumbnail":["https:\/\/xpresspuebla.com\/wp-content\/uploads\/2023\/11\/GOB-SS-CP-560-2023-AFECTADOS-POR-HURACAN-OTIS-081123-3-150x150.jpg",150,150,true],"medium":["https:\/\/xpresspuebla.com\/wp-content\/uploads\/2023\/11\/GOB-SS-CP-560-2023-AFECTADOS-POR-HURACAN-OTIS-081123-3-300x200.jpg",300,200,true],"medium_large":["https:\/\/xpresspuebla.com\/wp-content\/uploads\/2023\/11\/GOB-SS-CP-560-2023-AFECTADOS-POR-HURACAN-OTIS-081123-3-768x511.jpg",768,511,true],"large":["https:\/\/xpresspuebla.com\/wp-content\/uploads\/2023\/11\/GOB-SS-CP-560-2023-AFECTADOS-POR-HURACAN-OTIS-081123-3-1024x681.jpg",1024,681,true],"1536x1536":["https:\/\/xpresspuebla.com\/wp-content\/uploads\/2023\/11\/GOB-SS-CP-560-2023-AFECTADOS-POR-HURACAN-OTIS-081123-3-1536x1022.jpg",1536,1022,true],"2048x2048":["https:\/\/xpresspuebla.com\/wp-content\/uploads\/2023\/11\/GOB-SS-CP-560-2023-AFECTADOS-POR-HURACAN-OTIS-081123-3-2048x1363.jpg",2048,1363,true]},"uagb_author_info":{"display_name":"xpresspuebla.com","author_link":"https:\/\/xpresspuebla.com\/index.php\/author\/xpresspuebla-com\/"},"uagb_comment_info":0,"uagb_excerpt":"-La administraci\u00f3n estatal favoreci\u00f3 a 146 familias con apoyos econ\u00f3micos y a 15 con viviendas&nbsp; -El mandatario anunci\u00f3 que inici\u00f3 la rehabilitaci\u00f3n de escuelas y puentes que resultaron da\u00f1ados por&hellip;","_links":{"self":[{"href":"https:\/\/xpresspuebla.com\/index.php\/wp-json\/wp\/v2\/posts\/2715"}],"collection":[{"href":"https:\/\/xpresspuebla.com\/index.php\/wp-json\/wp\/v2\/posts"}],"about":[{"href":"https:\/\/xpresspuebla.com\/index.php\/wp-json\/wp\/v2\/types\/post"}],"author":[{"embeddable":true,"href":"https:\/\/xpresspuebla.com\/index.php\/wp-json\/wp\/v2\/users\/1"}],"replies":[{"embeddable":true,"href":"https:\/\/xpresspuebla.com\/index.php\/wp-json\/wp\/v2\/comments?post=2715"}],"version-history":[{"count":1,"href":"https:\/\/xpresspuebla.com\/index.php\/wp-json\/wp\/v2\/posts\/2715\/revisions"}],"predecessor-version":[{"id":2717,"href":"https:\/\/xpresspuebla.com\/index.php\/wp-json\/wp\/v2\/posts\/2715\/revisions\/2717"}],"wp:featuredmedia":[{"embeddable":true,"href":"https:\/\/xpresspuebla.com\/index.php\/wp-json\/wp\/v2\/media\/2716"}],"wp:attachment":[{"href":"https:\/\/xpresspuebla.com\/index.php\/wp-json\/wp\/v2\/media?parent=2715"}],"wp:term":[{"taxonomy":"category","embeddable":true,"href":"https:\/\/xpresspuebla.com\/index.php\/wp-json\/wp\/v2\/categories?post=2715"},{"taxonomy":"post_tag","embeddable":true,"href":"https:\/\/xpresspuebla.com\/index.php\/wp-json\/wp\/v2\/tags?post=2715"}],"curies":[{"name":"wp","href":"https:\/\/api.w.org\/{rel}","templated":true}]}}