{"id":2719,"date":"2023-11-09T14:45:09","date_gmt":"2023-11-09T20:45:09","guid":{"rendered":"https:\/\/xpresspuebla.com\/?p=2719"},"modified":"2023-11-09T14:45:22","modified_gmt":"2023-11-09T20:45:22","slug":"en-prision-por-lesiones-calificadas-de-2-mujeres-en-xilotzingo","status":"publish","type":"post","link":"https:\/\/xpresspuebla.com\/index.php\/2023\/11\/09\/en-prision-por-lesiones-calificadas-de-2-mujeres-en-xilotzingo\/","title":{"rendered":"En prisi\u00f3n por lesiones calificadas de 2 mujeres en Xilotzingo"},"content":{"rendered":"\n<p>La Fiscal\u00eda General del Estado de Puebla obtuvo la vinculaci\u00f3n a proceso de Aid\u00e9 N. probable responsable del delito de lesiones calificadas cometido en agravio de dos mujeres.&nbsp;<\/p>\n\n\n\n<p>El 19 de octubre de 2023, Aid\u00e9 N. lleg\u00f3 a la parada del transporte p\u00fablico de la colonia San Jos\u00e9 Xilotzingo de la ciudad de Puebla, donde atac\u00f3 con un c\u00fater a una mujer, provoc\u00e1ndole lesiones en el rostro y el pecho, posteriormente, lesion\u00f3 en el brazo a otra mujer que intervino.&nbsp;<\/p>\n\n\n\n<p>Aid\u00e9 N. fue asegurada por elementos de la Polic\u00eda Municipal y puesta a disposici\u00f3n de la autoridad ministerial.&nbsp;<\/p>\n\n\n\n<p>Durante la audiencia, el Juez de Control consider\u00f3 los argumentos de la Fiscal\u00eda para determinar la vinculaci\u00f3n a proceso de la imputada, quien permanecer\u00e1 con prisi\u00f3n preventiva necesaria.<\/p>\n","protected":false},"excerpt":{"rendered":"<p>La Fiscal\u00eda General del Estado de Puebla obtuvo la vinculaci\u00f3n a proceso de Aid\u00e9 N. probable responsable del delito de lesiones calificadas cometido en agravio de dos mujeres.&nbsp; El 19&hellip; <\/p>\n","protected":false},"author":1,"featured_media":2720,"comment_status":"closed","ping_status":"open","sticky":false,"template":"","format":"standard","meta":{"om_disable_all_campaigns":false,"_uag_custom_page_level_css":"","_monsterinsights_skip_tracking":false,"_monsterinsights_sitenote_active":false,"_monsterinsights_sitenote_note":"","_monsterinsights_sitenote_category":0,"_uf_show_specific_survey":0,"_uf_disable_surveys":false},"categories":[12],"tags":[],"aioseo_notices":[],"uagb_featured_image_src":{"full":["https:\/\/xpresspuebla.com\/wp-content\/uploads\/2023\/11\/Aide-N_-VaP_01.jpg",1920,1080,false],"thumbnail":["https:\/\/xpresspuebla.com\/wp-content\/uploads\/2023\/11\/Aide-N_-VaP_01-150x150.jpg",150,150,true],"medium":["https:\/\/xpresspuebla.com\/wp-content\/uploads\/2023\/11\/Aide-N_-VaP_01-300x169.jpg",300,169,true],"medium_large":["https:\/\/xpresspuebla.com\/wp-content\/uploads\/2023\/11\/Aide-N_-VaP_01-768x432.jpg",768,432,true],"large":["https:\/\/xpresspuebla.com\/wp-content\/uploads\/2023\/11\/Aide-N_-VaP_01-1024x576.jpg",1024,576,true],"1536x1536":["https:\/\/xpresspuebla.com\/wp-content\/uploads\/2023\/11\/Aide-N_-VaP_01-1536x864.jpg",1536,864,true],"2048x2048":["https:\/\/xpresspuebla.com\/wp-content\/uploads\/2023\/11\/Aide-N_-VaP_01.jpg",1920,1080,false]},"uagb_author_info":{"display_name":"xpresspuebla.com","author_link":"https:\/\/xpresspuebla.com\/index.php\/author\/xpresspuebla-com\/"},"uagb_comment_info":0,"uagb_excerpt":"La Fiscal\u00eda General del Estado de Puebla obtuvo la vinculaci\u00f3n a proceso de Aid\u00e9 N. probable responsable del delito de lesiones calificadas cometido en agravio de dos mujeres.&nbsp; El 19&hellip;","_links":{"self":[{"href":"https:\/\/xpresspuebla.com\/index.php\/wp-json\/wp\/v2\/posts\/2719"}],"collection":[{"href":"https:\/\/xpresspuebla.com\/index.php\/wp-json\/wp\/v2\/posts"}],"about":[{"href":"https:\/\/xpresspuebla.com\/index.php\/wp-json\/wp\/v2\/types\/post"}],"author":[{"embeddable":true,"href":"https:\/\/xpresspuebla.com\/index.php\/wp-json\/wp\/v2\/users\/1"}],"replies":[{"embeddable":true,"href":"https:\/\/xpresspuebla.com\/index.php\/wp-json\/wp\/v2\/comments?post=2719"}],"version-history":[{"count":1,"href":"https:\/\/xpresspuebla.com\/index.php\/wp-json\/wp\/v2\/posts\/2719\/revisions"}],"predecessor-version":[{"id":2721,"href":"https:\/\/xpresspuebla.com\/index.php\/wp-json\/wp\/v2\/posts\/2719\/revisions\/2721"}],"wp:featuredmedia":[{"embeddable":true,"href":"https:\/\/xpresspuebla.com\/index.php\/wp-json\/wp\/v2\/media\/2720"}],"wp:attachment":[{"href":"https:\/\/xpresspuebla.com\/index.php\/wp-json\/wp\/v2\/media?parent=2719"}],"wp:term":[{"taxonomy":"category","embeddable":true,"href":"https:\/\/xpresspuebla.com\/index.php\/wp-json\/wp\/v2\/categories?post=2719"},{"taxonomy":"post_tag","embeddable":true,"href":"https:\/\/xpresspuebla.com\/index.php\/wp-json\/wp\/v2\/tags?post=2719"}],"curies":[{"name":"wp","href":"https:\/\/api.w.org\/{rel}","templated":true}]}}