{"id":2787,"date":"2023-11-10T10:54:37","date_gmt":"2023-11-10T16:54:37","guid":{"rendered":"https:\/\/xpresspuebla.com\/?p=2787"},"modified":"2023-11-27T01:44:00","modified_gmt":"2023-11-27T07:44:00","slug":"vinculado-a-proceso-por-intento-de-homicidio-al-sur-de-la-capital","status":"publish","type":"post","link":"https:\/\/xpresspuebla.com\/index.php\/2023\/11\/10\/vinculado-a-proceso-por-intento-de-homicidio-al-sur-de-la-capital\/","title":{"rendered":"Vinculado a proceso por intento de homicidio al sur de la capital"},"content":{"rendered":"\n<p>La Fiscal\u00eda General del Estado de Puebla logr\u00f3 obtener la vinculaci\u00f3n a proceso de German N., investigado por su posible responsabilidad en la comisi\u00f3n del delito de homicidio calificado en grado de tentativa.<\/p>\n\n\n\n<p>El 23 de octubre de 2023 Miguel \u00c1ngel G., sali\u00f3 de su domicilio para dirigirse a la tienda en la colonia Arboledas de Loma Bella de la ciudad de Puebla. Al encontrarse en la calle 105 oriente, fue interceptado por Germ\u00e1n N. quien sin mediar palabra lo lesion\u00f3 en el pecho con un picahielo.<\/p>\n\n\n\n<p>Despu\u00e9s el presunto responsable del hecho intent\u00f3 escapar, sin embargo, fue detenido por personas que se encontraban en la zona y que posteriormente lo entregaron a elementos de la Polic\u00eda Municipal.<\/p>\n\n\n\n<p>La Fiscal\u00eda ejercit\u00f3 acci\u00f3n penal en contra de German N., por su probable intervenci\u00f3n en la comisi\u00f3n del delito de homicidio calificado en grado de tentativa y el 30 de octubre en audiencia, luego de presentar datos de prueba, consigui\u00f3 su vinculaci\u00f3n a proceso y la medida cautelar de prisi\u00f3n preventiva justificada.<\/p>\n","protected":false},"excerpt":{"rendered":"<p>La Fiscal\u00eda General del Estado de Puebla logr\u00f3 obtener la vinculaci\u00f3n a proceso de German N., investigado por su posible responsabilidad en la comisi\u00f3n del delito de homicidio calificado en&hellip; <\/p>\n","protected":false},"author":1,"featured_media":2788,"comment_status":"closed","ping_status":"open","sticky":false,"template":"","format":"standard","meta":{"om_disable_all_campaigns":false,"_uag_custom_page_level_css":"","_monsterinsights_skip_tracking":false,"_monsterinsights_sitenote_active":false,"_monsterinsights_sitenote_note":"","_monsterinsights_sitenote_category":0,"_uf_show_specific_survey":0,"_uf_disable_surveys":false},"categories":[7],"tags":[],"aioseo_notices":[],"uagb_featured_image_src":{"full":["https:\/\/xpresspuebla.com\/wp-content\/uploads\/2023\/11\/German-N_-VaP_01.jpg",1920,1080,false],"thumbnail":["https:\/\/xpresspuebla.com\/wp-content\/uploads\/2023\/11\/German-N_-VaP_01-150x150.jpg",150,150,true],"medium":["https:\/\/xpresspuebla.com\/wp-content\/uploads\/2023\/11\/German-N_-VaP_01-300x169.jpg",300,169,true],"medium_large":["https:\/\/xpresspuebla.com\/wp-content\/uploads\/2023\/11\/German-N_-VaP_01-768x432.jpg",768,432,true],"large":["https:\/\/xpresspuebla.com\/wp-content\/uploads\/2023\/11\/German-N_-VaP_01-1024x576.jpg",1024,576,true],"1536x1536":["https:\/\/xpresspuebla.com\/wp-content\/uploads\/2023\/11\/German-N_-VaP_01-1536x864.jpg",1536,864,true],"2048x2048":["https:\/\/xpresspuebla.com\/wp-content\/uploads\/2023\/11\/German-N_-VaP_01.jpg",1920,1080,false]},"uagb_author_info":{"display_name":"xpresspuebla.com","author_link":"https:\/\/xpresspuebla.com\/index.php\/author\/xpresspuebla-com\/"},"uagb_comment_info":0,"uagb_excerpt":"La Fiscal\u00eda General del Estado de Puebla logr\u00f3 obtener la vinculaci\u00f3n a proceso de German N., investigado por su posible responsabilidad en la comisi\u00f3n del delito de homicidio calificado en&hellip;","_links":{"self":[{"href":"https:\/\/xpresspuebla.com\/index.php\/wp-json\/wp\/v2\/posts\/2787"}],"collection":[{"href":"https:\/\/xpresspuebla.com\/index.php\/wp-json\/wp\/v2\/posts"}],"about":[{"href":"https:\/\/xpresspuebla.com\/index.php\/wp-json\/wp\/v2\/types\/post"}],"author":[{"embeddable":true,"href":"https:\/\/xpresspuebla.com\/index.php\/wp-json\/wp\/v2\/users\/1"}],"replies":[{"embeddable":true,"href":"https:\/\/xpresspuebla.com\/index.php\/wp-json\/wp\/v2\/comments?post=2787"}],"version-history":[{"count":1,"href":"https:\/\/xpresspuebla.com\/index.php\/wp-json\/wp\/v2\/posts\/2787\/revisions"}],"predecessor-version":[{"id":2789,"href":"https:\/\/xpresspuebla.com\/index.php\/wp-json\/wp\/v2\/posts\/2787\/revisions\/2789"}],"wp:featuredmedia":[{"embeddable":true,"href":"https:\/\/xpresspuebla.com\/index.php\/wp-json\/wp\/v2\/media\/2788"}],"wp:attachment":[{"href":"https:\/\/xpresspuebla.com\/index.php\/wp-json\/wp\/v2\/media?parent=2787"}],"wp:term":[{"taxonomy":"category","embeddable":true,"href":"https:\/\/xpresspuebla.com\/index.php\/wp-json\/wp\/v2\/categories?post=2787"},{"taxonomy":"post_tag","embeddable":true,"href":"https:\/\/xpresspuebla.com\/index.php\/wp-json\/wp\/v2\/tags?post=2787"}],"curies":[{"name":"wp","href":"https:\/\/api.w.org\/{rel}","templated":true}]}}