{"id":2848,"date":"2023-11-12T01:49:46","date_gmt":"2023-11-12T07:49:46","guid":{"rendered":"https:\/\/xpresspuebla.com\/?p=2848"},"modified":"2023-11-27T01:50:37","modified_gmt":"2023-11-27T07:50:37","slug":"el-ccu-celebra-su-xv-aniversario-con-una-fiesta-de-color-luces-musica-y-arte","status":"publish","type":"post","link":"https:\/\/xpresspuebla.com\/index.php\/2023\/11\/12\/el-ccu-celebra-su-xv-aniversario-con-una-fiesta-de-color-luces-musica-y-arte\/","title":{"rendered":"El CCU celebra su XV aniversario con una fiesta de color, luces, m\u00fasica y arte"},"content":{"rendered":"\n<ul>\n<li><strong>Un festejo encabezado por la Rectora Lilia Cedillo Ram\u00edrez, quien reconoci\u00f3 el talento y trabajo de todos los que integran este complejo<\/strong><\/li>\n<\/ul>\n\n\n\n<p>Con un p\u00fablico que aplaudi\u00f3 de pie el talento de los integrantes de las compa\u00f1\u00edas universitarias, la Orquesta y Coro Sinf\u00f3nico de la BUAP, as\u00ed como la sensibilidad y voz del tenor mexicano Alan Pingarr\u00f3n, el Complejo Cultural Universitario (CCU) celebr\u00f3 su XV aniversario con una noche llena de gala, luces, m\u00fasica y color.<\/p>\n\n\n\n<p>Desde su creaci\u00f3n, el CCU ha cambiado la forma en c\u00f3mo se percibe el arte y la cultura en Puebla, as\u00ed lo manifest\u00f3 la Rectora Mar\u00eda Lilia Cedillo Ram\u00edrez, quien encabez\u00f3 esta celebraci\u00f3n, junto con la directora de este espacio universitario, Betzabeth D\u00edaz S\u00e1nchez, y el vicerrector de Extensi\u00f3n y Difusi\u00f3n de la Cultura, Jos\u00e9 Carlos Bernal Su\u00e1rez.<\/p>\n\n\n\n<p>\u201cHace 15 a\u00f1os vibramos de emoci\u00f3n cuando se inaugur\u00f3 este complejo y para los que tuvimos ese privilegio, hoy es un d\u00eda que lo llevamos en el coraz\u00f3n. Todo mi reconocimiento a quienes lo han dirigido, lo mismo para las compa\u00f1\u00edas art\u00edsticas y compa\u00f1eros de producci\u00f3n. En estos recintos se han realizado actividades culturales, acad\u00e9micas y pol\u00edticas. Adem\u00e1s, se cambi\u00f3 el concepto de la cultura en muchos sentidos, gracias a todos los que trabajan en cada uno de los espacios del Complejo Cultural Universitario\u201d.<\/p>\n\n\n\n<p>Al develar una placa conmemorativa, junto con la actriz F\u00e1tima Molina, la Rectora Lilia Cedillo recibi\u00f3 un reconocimiento por las funciones que desempe\u00f1\u00f3 cuando fue directora del CCU; lo mismo sucedi\u00f3 con el arquitecto Manuel Sandoval Delgado, al ser el responsable del dise\u00f1o de este recinto cultural.<\/p>\n\n\n\n<p>Tambi\u00e9n recibieron distinciones los directores de las compa\u00f1\u00edas art\u00edsticas: Patricia Estay Reyno, de Danza Contempor\u00e1nea; Mayho Moreno, de Teatro; Mar\u00eda Elena Santos Serrano, del Ballet Folkl\u00f3rico; Jos\u00e9 Antonio de la Rosa Esparza, del Coro Sinf\u00f3nico; y Lizzi Ceniceros Mirabal, de la Orquesta Sinf\u00f3nica (OSBUAP); as\u00ed como parte del personal del CCU.<\/p>\n\n\n\n<p>Al concluir el acto protocolario, la voz del peque\u00f1o Emmanuel Zatara\u00edn enton\u00f3 las ma\u00f1anitas para marcar el inicio del espect\u00e1culo art\u00edstico que sigui\u00f3 con O Fortuna de Carmina Burana, a cargo de la OSBUAP. Al entrar en escena, el tenor Alan Pingarr\u00f3n interpret\u00f3 diversas piezas, como O Sole Mio, Te quiero dijiste y Sones de M\u00e9xico, por mencionar algunas. Su participaci\u00f3n tambi\u00e9n estuvo acompa\u00f1ada por las destacadas voces del coro universitario y la orquesta.<\/p>\n\n\n\n<p>Los integrantes de danza, teatro y del ballet folkl\u00f3rico no se quedaron atr\u00e1s y con sus movimientos y actuaciones hicieron que el p\u00fablico se emocionara. Al finalizar la noche, el CCU se ilumin\u00f3 con un espect\u00e1culo de juegos pirot\u00e9cnicos que enmarcaron estos 15 a\u00f1os de impulso a la cultura y las diversas manifestaciones art\u00edsticas en Puebla.<\/p>\n","protected":false},"excerpt":{"rendered":"<p>Con un p\u00fablico que aplaudi\u00f3 de pie el talento de los integrantes de las compa\u00f1\u00edas universitarias, la Orquesta y Coro Sinf\u00f3nico de la BUAP, as\u00ed como la sensibilidad y voz&hellip; <\/p>\n","protected":false},"author":1,"featured_media":2849,"comment_status":"closed","ping_status":"open","sticky":false,"template":"","format":"standard","meta":{"om_disable_all_campaigns":false,"_uag_custom_page_level_css":"","_monsterinsights_skip_tracking":false,"_monsterinsights_sitenote_active":false,"_monsterinsights_sitenote_note":"","_monsterinsights_sitenote_category":0,"_uf_show_specific_survey":0,"_uf_disable_surveys":false},"categories":[1],"tags":[],"aioseo_notices":[],"uagb_featured_image_src":{"full":["https:\/\/xpresspuebla.com\/wp-content\/uploads\/2023\/11\/A_XVANIVCCU_0.jpeg",640,427,false],"thumbnail":["https:\/\/xpresspuebla.com\/wp-content\/uploads\/2023\/11\/A_XVANIVCCU_0-150x150.jpeg",150,150,true],"medium":["https:\/\/xpresspuebla.com\/wp-content\/uploads\/2023\/11\/A_XVANIVCCU_0-300x200.jpeg",300,200,true],"medium_large":["https:\/\/xpresspuebla.com\/wp-content\/uploads\/2023\/11\/A_XVANIVCCU_0.jpeg",640,427,false],"large":["https:\/\/xpresspuebla.com\/wp-content\/uploads\/2023\/11\/A_XVANIVCCU_0.jpeg",640,427,false],"1536x1536":["https:\/\/xpresspuebla.com\/wp-content\/uploads\/2023\/11\/A_XVANIVCCU_0.jpeg",640,427,false],"2048x2048":["https:\/\/xpresspuebla.com\/wp-content\/uploads\/2023\/11\/A_XVANIVCCU_0.jpeg",640,427,false]},"uagb_author_info":{"display_name":"xpresspuebla.com","author_link":"https:\/\/xpresspuebla.com\/index.php\/author\/xpresspuebla-com\/"},"uagb_comment_info":0,"uagb_excerpt":"Con un p\u00fablico que aplaudi\u00f3 de pie el talento de los integrantes de las compa\u00f1\u00edas universitarias, la Orquesta y Coro Sinf\u00f3nico de la BUAP, as\u00ed como la sensibilidad y voz&hellip;","_links":{"self":[{"href":"https:\/\/xpresspuebla.com\/index.php\/wp-json\/wp\/v2\/posts\/2848"}],"collection":[{"href":"https:\/\/xpresspuebla.com\/index.php\/wp-json\/wp\/v2\/posts"}],"about":[{"href":"https:\/\/xpresspuebla.com\/index.php\/wp-json\/wp\/v2\/types\/post"}],"author":[{"embeddable":true,"href":"https:\/\/xpresspuebla.com\/index.php\/wp-json\/wp\/v2\/users\/1"}],"replies":[{"embeddable":true,"href":"https:\/\/xpresspuebla.com\/index.php\/wp-json\/wp\/v2\/comments?post=2848"}],"version-history":[{"count":1,"href":"https:\/\/xpresspuebla.com\/index.php\/wp-json\/wp\/v2\/posts\/2848\/revisions"}],"predecessor-version":[{"id":2850,"href":"https:\/\/xpresspuebla.com\/index.php\/wp-json\/wp\/v2\/posts\/2848\/revisions\/2850"}],"wp:featuredmedia":[{"embeddable":true,"href":"https:\/\/xpresspuebla.com\/index.php\/wp-json\/wp\/v2\/media\/2849"}],"wp:attachment":[{"href":"https:\/\/xpresspuebla.com\/index.php\/wp-json\/wp\/v2\/media?parent=2848"}],"wp:term":[{"taxonomy":"category","embeddable":true,"href":"https:\/\/xpresspuebla.com\/index.php\/wp-json\/wp\/v2\/categories?post=2848"},{"taxonomy":"post_tag","embeddable":true,"href":"https:\/\/xpresspuebla.com\/index.php\/wp-json\/wp\/v2\/tags?post=2848"}],"curies":[{"name":"wp","href":"https:\/\/api.w.org\/{rel}","templated":true}]}}