{"id":2854,"date":"2023-11-13T01:51:33","date_gmt":"2023-11-13T07:51:33","guid":{"rendered":"https:\/\/xpresspuebla.com\/?p=2854"},"modified":"2023-11-27T01:52:39","modified_gmt":"2023-11-27T07:52:39","slug":"finalizan-los-foros-conocimiento-y-juventud-2023-aprender-proponer-participar","status":"publish","type":"post","link":"https:\/\/xpresspuebla.com\/index.php\/2023\/11\/13\/finalizan-los-foros-conocimiento-y-juventud-2023-aprender-proponer-participar\/","title":{"rendered":"Finalizan los foros \u201cConocimiento y Juventud 2023. Aprender, proponer, participar\u201d"},"content":{"rendered":"\n<ul>\n<li><strong>Se realizaron conferencias y mesas de debate en 16 sedes universitarias<\/strong><\/li>\n<\/ul>\n\n\n\n<p>En representaci\u00f3n de la Rectora Lilia Cedillo Ram\u00edrez, el coordinador General de Atenci\u00f3n a los Universitarios, Jorge Avelino Sol\u00eds, dio por finalizados los foros \u201cConocimiento y Juventud 2023. Aprender, proponer, participar\u201d, donde destac\u00f3 el inter\u00e9s y la disposici\u00f3n de los j\u00f3venes para ser parte de este ejercicio de libre expresi\u00f3n, en el cual externaron sus problemas, expectativas, inquietudes, necesidades y propuestas de soluci\u00f3n.<\/p>\n\n\n\n<p>En el Centro de Convenciones de CU, mencion\u00f3 que los j\u00f3venes tuvieron la oportunidad de escuchar conferencias sobre diferentes t\u00f3picos, como desarrollo sostenible, derechos humanos, prevenci\u00f3n de violencia, empleo y adicciones, entre otros. \u201cAhora nos corresponde aprovechar sus contribuciones para que la agenda 2024-2027 las incluya, responda a sus expectativas y alcancen su pleno desarrollo\u201d, expres\u00f3.&nbsp;<\/p>\n\n\n\n<p>Por su parte, la diputada local Xel Arianna Hern\u00e1ndez Garc\u00eda, presidenta de la Comisi\u00f3n de Educaci\u00f3n, subray\u00f3: \u201cNuestra participaci\u00f3n es vital para reconfigurar los espacios p\u00fablicos y revalorar a las universidades como integradoras de una comunidad\u201d.<\/p>\n\n\n\n<p>Estos foros iniciaron el pasado 6 de septiembre, con la colaboraci\u00f3n del Instituto Poblano de la Juventud (IPJ), el Consejo Estatal de Ciencia y Tecnolog\u00eda del Estado de Puebla (Concytep) y el Congreso del Estado, los cuales abarcaron 16 sedes universitarias en Puebla. A la clausura tambi\u00e9n asistieron el titular del IPJ, Alfredo Parada Salmor\u00e1n, y Daniela Romero Garc\u00eda, del Concytep.<\/p>\n","protected":false},"excerpt":{"rendered":"<p>En representaci\u00f3n de la Rectora Lilia Cedillo Ram\u00edrez, el coordinador General de Atenci\u00f3n a los Universitarios, Jorge Avelino Sol\u00eds, dio por finalizados los foros \u201cConocimiento y Juventud 2023. Aprender, proponer,&hellip; <\/p>\n","protected":false},"author":1,"featured_media":2855,"comment_status":"closed","ping_status":"open","sticky":false,"template":"","format":"standard","meta":{"om_disable_all_campaigns":false,"_uag_custom_page_level_css":"","_monsterinsights_skip_tracking":false,"_monsterinsights_sitenote_active":false,"_monsterinsights_sitenote_note":"","_monsterinsights_sitenote_category":0,"_uf_show_specific_survey":0,"_uf_disable_surveys":false},"categories":[1],"tags":[],"aioseo_notices":[],"uagb_featured_image_src":{"full":["https:\/\/xpresspuebla.com\/wp-content\/uploads\/2023\/11\/A_Congreso_37.jpeg",640,427,false],"thumbnail":["https:\/\/xpresspuebla.com\/wp-content\/uploads\/2023\/11\/A_Congreso_37-150x150.jpeg",150,150,true],"medium":["https:\/\/xpresspuebla.com\/wp-content\/uploads\/2023\/11\/A_Congreso_37-300x200.jpeg",300,200,true],"medium_large":["https:\/\/xpresspuebla.com\/wp-content\/uploads\/2023\/11\/A_Congreso_37.jpeg",640,427,false],"large":["https:\/\/xpresspuebla.com\/wp-content\/uploads\/2023\/11\/A_Congreso_37.jpeg",640,427,false],"1536x1536":["https:\/\/xpresspuebla.com\/wp-content\/uploads\/2023\/11\/A_Congreso_37.jpeg",640,427,false],"2048x2048":["https:\/\/xpresspuebla.com\/wp-content\/uploads\/2023\/11\/A_Congreso_37.jpeg",640,427,false]},"uagb_author_info":{"display_name":"xpresspuebla.com","author_link":"https:\/\/xpresspuebla.com\/index.php\/author\/xpresspuebla-com\/"},"uagb_comment_info":0,"uagb_excerpt":"En representaci\u00f3n de la Rectora Lilia Cedillo Ram\u00edrez, el coordinador General de Atenci\u00f3n a los Universitarios, Jorge Avelino Sol\u00eds, dio por finalizados los foros \u201cConocimiento y Juventud 2023. Aprender, proponer,&hellip;","_links":{"self":[{"href":"https:\/\/xpresspuebla.com\/index.php\/wp-json\/wp\/v2\/posts\/2854"}],"collection":[{"href":"https:\/\/xpresspuebla.com\/index.php\/wp-json\/wp\/v2\/posts"}],"about":[{"href":"https:\/\/xpresspuebla.com\/index.php\/wp-json\/wp\/v2\/types\/post"}],"author":[{"embeddable":true,"href":"https:\/\/xpresspuebla.com\/index.php\/wp-json\/wp\/v2\/users\/1"}],"replies":[{"embeddable":true,"href":"https:\/\/xpresspuebla.com\/index.php\/wp-json\/wp\/v2\/comments?post=2854"}],"version-history":[{"count":1,"href":"https:\/\/xpresspuebla.com\/index.php\/wp-json\/wp\/v2\/posts\/2854\/revisions"}],"predecessor-version":[{"id":2856,"href":"https:\/\/xpresspuebla.com\/index.php\/wp-json\/wp\/v2\/posts\/2854\/revisions\/2856"}],"wp:featuredmedia":[{"embeddable":true,"href":"https:\/\/xpresspuebla.com\/index.php\/wp-json\/wp\/v2\/media\/2855"}],"wp:attachment":[{"href":"https:\/\/xpresspuebla.com\/index.php\/wp-json\/wp\/v2\/media?parent=2854"}],"wp:term":[{"taxonomy":"category","embeddable":true,"href":"https:\/\/xpresspuebla.com\/index.php\/wp-json\/wp\/v2\/categories?post=2854"},{"taxonomy":"post_tag","embeddable":true,"href":"https:\/\/xpresspuebla.com\/index.php\/wp-json\/wp\/v2\/tags?post=2854"}],"curies":[{"name":"wp","href":"https:\/\/api.w.org\/{rel}","templated":true}]}}