{"id":2860,"date":"2023-11-13T01:53:41","date_gmt":"2023-11-13T07:53:41","guid":{"rendered":"https:\/\/xpresspuebla.com\/?p=2860"},"modified":"2023-11-27T01:54:49","modified_gmt":"2023-11-27T07:54:49","slug":"encuentro-academico-internacional-y-nacional-tendencias-actuales-del-derecho","status":"publish","type":"post","link":"https:\/\/xpresspuebla.com\/index.php\/2023\/11\/13\/encuentro-academico-internacional-y-nacional-tendencias-actuales-del-derecho\/","title":{"rendered":"Encuentro acad\u00e9mico internacional y nacional \u201cTendencias actuales del Derecho\u201d"},"content":{"rendered":"\n<ul>\n<li><strong>\u201cEl mundo cambia y algunos de quienes han estado a la vanguardia de estos cambios hoy participan en este encuentro\u201d, destac\u00f3 la Rectora Mar\u00eda Lilia Cedillo al inaugurarlo<\/strong><\/li>\n<\/ul>\n\n\n\n<p>Con la participaci\u00f3n de 45 ponentes de Europa y Am\u00e9rica Latina, as\u00ed como seis cuerpos acad\u00e9micos del pa\u00eds, inici\u00f3 el Encuentro acad\u00e9mico internacional y nacional \u201cTendencias actuales del Derecho\u201d, en el cual se abordar\u00e1n tem\u00e1ticas como la protecci\u00f3n de los derechos humanos, el impacto de la inteligencia artificial en Derecho, derechos humanos y neoliberalismo en M\u00e9xico, democracia en Am\u00e9rica Latina y pobreza.<\/p>\n\n\n\n<p>Al inaugurar este foro, la Rectora Mar\u00eda Lilia Cedillo Ram\u00edrez agradeci\u00f3 a su organizador, el acad\u00e9mico e investigador de la Facultad de Derecho de la BUAP, Rafael S\u00e1nchez V\u00e1zquez, por abrir espacios que permitan a los estudiantes enriquecer sus conocimientos al escuchar a grandes juristas de M\u00e9xico y el mundo, como el Investigador Nacional Em\u00e9rito Sergio Garc\u00eda Ram\u00edrez; Jorge Witcker Vel\u00e1squez, del Instituto de Investigaciones Jur\u00eddicas de la UNAM; Jos\u00e9 Manuel Chozas Alonso, de la Universidad Complutense de Madrid; y Francois Julien Laferriere, de la Universidad Paris II, en Francia.<\/p>\n\n\n\n<p>\u201cEl mundo cambia y algunos de quienes han estado a la vanguardia de estos cambios, hoy participan en este encuentro\u201d, expres\u00f3 la Rectora de la BUAP.<\/p>\n\n\n\n<p>A su vez, la directora de la Facultad de Derecho, Georgina Tenorio Mart\u00ednez, destac\u00f3 el acercamiento de los j\u00f3venes a las ideas de importantes juristas e investigadores del Derecho, lo cual abona a potenciar su conocimiento en ciencia jur\u00eddica.<\/p>\n\n\n\n<p>El Encuentro acad\u00e9mico internacional y nacional \u201cTendencias actuales del Derecho\u201d, que tiene lugar de manera virtual los d\u00edas 13 y 14 de noviembre, inici\u00f3 con la conferencia magistral de Sergio Garc\u00eda Ram\u00edrez, autor de m\u00e1s de 70 libros y 500 art\u00edculos, sobre el Sistema Interamericano de Derechos Humanos.<\/p>\n\n\n\n<p>El ex procurador General de Justicia del Distrito Federal, miembro de la Junta de Gobierno de la UNAM y del Consejo Nacional de Arbitraje M\u00e9dico, se\u00f1al\u00f3 que el desarrollo de un sistema de derechos humanos, a escala global, ha permitido la construcci\u00f3n de un Derecho internacional en materia de derechos humanos, hoy plasmados en textos constitucionales -en el caso de M\u00e9xico- y tratados internacionales.&nbsp; &nbsp;&nbsp;&nbsp;<\/p>\n\n\n\n<p>Al hacer un recuento de esta historia, expres\u00f3: \u201cHemos navegado desde un puerto oscuro donde no hab\u00edan derechos humanos hacia un puerto ut\u00f3pico donde florecen\u201d. Si bien hay avances, subray\u00f3, es preciso a\u00fan una larga traves\u00eda para el ejercicio pleno de estos derechos, los cuales conforman un binomio con la democracia.<\/p>\n\n\n\n<p>\u201cSin democracia no hay derechos humanos y sin derechos humanos no hay democracia\u201d, dijo. Por ello, es necesario consolidar el r\u00e9gimen democr\u00e1tico para contar con un verdadero sistema de tutela y garant\u00eda de los derechos humanos.<\/p>\n","protected":false},"excerpt":{"rendered":"<p>Con la participaci\u00f3n de 45 ponentes de Europa y Am\u00e9rica Latina, as\u00ed como seis cuerpos acad\u00e9micos del pa\u00eds, inici\u00f3 el Encuentro acad\u00e9mico internacional y nacional \u201cTendencias actuales del Derecho\u201d, en&hellip; <\/p>\n","protected":false},"author":1,"featured_media":2861,"comment_status":"closed","ping_status":"open","sticky":false,"template":"","format":"standard","meta":{"om_disable_all_campaigns":false,"_uag_custom_page_level_css":"","_monsterinsights_skip_tracking":false,"_monsterinsights_sitenote_active":false,"_monsterinsights_sitenote_note":"","_monsterinsights_sitenote_category":0,"_uf_show_specific_survey":0,"_uf_disable_surveys":false},"categories":[1],"tags":[],"aioseo_notices":[],"uagb_featured_image_src":{"full":["https:\/\/xpresspuebla.com\/wp-content\/uploads\/2023\/11\/A_FDCsS_32.jpeg",640,427,false],"thumbnail":["https:\/\/xpresspuebla.com\/wp-content\/uploads\/2023\/11\/A_FDCsS_32-150x150.jpeg",150,150,true],"medium":["https:\/\/xpresspuebla.com\/wp-content\/uploads\/2023\/11\/A_FDCsS_32-300x200.jpeg",300,200,true],"medium_large":["https:\/\/xpresspuebla.com\/wp-content\/uploads\/2023\/11\/A_FDCsS_32.jpeg",640,427,false],"large":["https:\/\/xpresspuebla.com\/wp-content\/uploads\/2023\/11\/A_FDCsS_32.jpeg",640,427,false],"1536x1536":["https:\/\/xpresspuebla.com\/wp-content\/uploads\/2023\/11\/A_FDCsS_32.jpeg",640,427,false],"2048x2048":["https:\/\/xpresspuebla.com\/wp-content\/uploads\/2023\/11\/A_FDCsS_32.jpeg",640,427,false]},"uagb_author_info":{"display_name":"xpresspuebla.com","author_link":"https:\/\/xpresspuebla.com\/index.php\/author\/xpresspuebla-com\/"},"uagb_comment_info":0,"uagb_excerpt":"Con la participaci\u00f3n de 45 ponentes de Europa y Am\u00e9rica Latina, as\u00ed como seis cuerpos acad\u00e9micos del pa\u00eds, inici\u00f3 el Encuentro acad\u00e9mico internacional y nacional \u201cTendencias actuales del Derecho\u201d, en&hellip;","_links":{"self":[{"href":"https:\/\/xpresspuebla.com\/index.php\/wp-json\/wp\/v2\/posts\/2860"}],"collection":[{"href":"https:\/\/xpresspuebla.com\/index.php\/wp-json\/wp\/v2\/posts"}],"about":[{"href":"https:\/\/xpresspuebla.com\/index.php\/wp-json\/wp\/v2\/types\/post"}],"author":[{"embeddable":true,"href":"https:\/\/xpresspuebla.com\/index.php\/wp-json\/wp\/v2\/users\/1"}],"replies":[{"embeddable":true,"href":"https:\/\/xpresspuebla.com\/index.php\/wp-json\/wp\/v2\/comments?post=2860"}],"version-history":[{"count":1,"href":"https:\/\/xpresspuebla.com\/index.php\/wp-json\/wp\/v2\/posts\/2860\/revisions"}],"predecessor-version":[{"id":2862,"href":"https:\/\/xpresspuebla.com\/index.php\/wp-json\/wp\/v2\/posts\/2860\/revisions\/2862"}],"wp:featuredmedia":[{"embeddable":true,"href":"https:\/\/xpresspuebla.com\/index.php\/wp-json\/wp\/v2\/media\/2861"}],"wp:attachment":[{"href":"https:\/\/xpresspuebla.com\/index.php\/wp-json\/wp\/v2\/media?parent=2860"}],"wp:term":[{"taxonomy":"category","embeddable":true,"href":"https:\/\/xpresspuebla.com\/index.php\/wp-json\/wp\/v2\/categories?post=2860"},{"taxonomy":"post_tag","embeddable":true,"href":"https:\/\/xpresspuebla.com\/index.php\/wp-json\/wp\/v2\/tags?post=2860"}],"curies":[{"name":"wp","href":"https:\/\/api.w.org\/{rel}","templated":true}]}}