{"id":2875,"date":"2023-11-15T01:59:04","date_gmt":"2023-11-15T07:59:04","guid":{"rendered":"https:\/\/xpresspuebla.com\/?p=2875"},"modified":"2023-11-27T02:00:28","modified_gmt":"2023-11-27T08:00:28","slug":"formar-recursos-humanos-de-alto-perfil-para-la-salud-oriento-la-rectora-maria-lilia-cedillo-ramirez","status":"publish","type":"post","link":"https:\/\/xpresspuebla.com\/index.php\/2023\/11\/15\/formar-recursos-humanos-de-alto-perfil-para-la-salud-oriento-la-rectora-maria-lilia-cedillo-ramirez\/","title":{"rendered":"Formar recursos humanos de alto perfil para la salud, orient\u00f3 la Rectora Mar\u00eda Lilia Cedillo Ram\u00edrez"},"content":{"rendered":"\n<ul>\n<li><strong>Al presidir Segundo Informe de Labores de la directora de la Facultad de Enfermer\u00eda, Erika P\u00e9rez Noriega, en el cual se destac\u00f3 la importante labor de 25 a\u00f1os de los CECACVI<\/strong><\/li>\n<\/ul>\n\n\n\n<p>Al reconocer grandes avances en la Facultad de Enfermer\u00eda, en los \u00e1mbitos de la academia, la investigaci\u00f3n y la vinculaci\u00f3n social, la Rectora Mar\u00eda Lilia Cedillo Ram\u00edrez orient\u00f3 al personal docente y directivo de esta unidad a continuar con la misi\u00f3n de formar recursos humanos para la salud, sensibles y profesionales en la atenci\u00f3n de la poblaci\u00f3n.<\/p>\n\n\n\n<p>Al presidir el Segundo Informe de Labores de la directora \u00c9rika P\u00e9rez Noriega, la Rectora de la BUAP subray\u00f3, igualmente, la importante labor social que han desempe\u00f1ado a trav\u00e9s de los centros Comunitario de Atenci\u00f3n al Cuidado de la Vida (CECACVI), en San Andr\u00e9s Azumiatla y Santa Ana Coatepec, a lo largo de 25 a\u00f1os de presencia en estas comunidades con alta marginaci\u00f3n social, a las cuales brindan servicios de Enfermer\u00eda, Odontolog\u00eda, Podolog\u00eda y Psicolog\u00eda, adem\u00e1s de talleres, entre \u00e9stos los orientados a la prevenci\u00f3n de la salud.&nbsp;<\/p>\n\n\n\n<p>\u201cEs un gusto compartir logros del trabajo realizado durante 25 a\u00f1os en estos centros. Es tambi\u00e9n un gusto y un orgullo saber que la planta docente y los directivos de esta facultad, tan querida para todos nosotros, est\u00e9n comprometidos con la formaci\u00f3n de profesionales de la salud y hagan posible que sus egresados sean exitosos y realicen actividades en instituciones de dentro y fuera del pa\u00eds. En investigaci\u00f3n, los avances tambi\u00e9n son notorios\u201d, coment\u00f3.<\/p>\n\n\n\n<p>Por ello, reconoci\u00f3 el trabajo de esa comunidad universitaria y felicit\u00f3 a sus profesores. Asimismo, agradeci\u00f3 la presencia de los presidentes auxiliares de Santa Ana Coatepec, Guadalupe Garc\u00eda Rosas, y de San Andr\u00e9s Azumiatla, Filem\u00f3n Escalona Fuentes, adem\u00e1s del presidente municipal de Huaquechula, Ra\u00fal Mar\u00edn Espinoza. &nbsp;<\/p>\n\n\n\n<p>Por su parte, la directora de la Facultad de Enfermer\u00eda, Erika P\u00e9rez Noriega, dio a conocer logros y avances del \u00faltimo a\u00f1o. Entre \u00e9stos la apertura del \u00c1rea Psicopedag\u00f3gica enfocada al bienestar integral, que a la fecha ha atendido a 51 personas, impartido 14 talleres con 480 asistentes y brindado 252 terapias.<\/p>\n\n\n\n<p>En el \u00faltimo a\u00f1o, la Facultad de Enfermer\u00eda ha realizado 12 eventos acad\u00e9micos, siete cient\u00edficos y 11 art\u00edsticos con la participaci\u00f3n de 4 mil 973 estudiantes, docentes y administrativos.<\/p>\n\n\n\n<p>La eficiencia terminal de sus planes de estudio es de 87.3 por ciento y en titulaci\u00f3n del 75 por ciento. La deserci\u00f3n escolar, dijo, es de 4.6 por ciento, un indicador que est\u00e1n buscando reducir, aun cuando est\u00e1 por debajo de la media nacional que es del 15 por ciento.<\/p>\n\n\n\n<p>Al hablar de los CECACVI, P\u00e9rez Noriega destac\u00f3 que mientras que el de Santa Ana Coatepec atendi\u00f3 en el \u00faltimo a\u00f1o a 2 mil 93 habitantes, el de San Andr\u00e9s Azumiatla a 5 mil 262, con diferentes acciones y promoci\u00f3n de la salud.<\/p>\n\n\n\n<p>\u201cLa Enfermer\u00eda comunitaria es una gran oportunidad para el desarrollo profesional de nuestros egresados. El pasado 31 de agosto, con motivo del 25 aniversario de los CECACVI, se llev\u00f3 a cabo una jornada multidisciplinaria en la cual participaron 320 universitarios, entre docentes, estudiantes y administrativos, de las facultades de Medicina, Enfermer\u00eda, Psicolog\u00eda, Cultura F\u00edsica, Ciencias Qu\u00edmicas y Estomatolog\u00eda. Esta acci\u00f3n benefici\u00f3 a mil 844 personas en un solo d\u00eda\u201d, subray\u00f3.<\/p>\n\n\n\n<p>En infraestructura, dio a conocer la adquisici\u00f3n de 65 equipos de c\u00f3mputo, cinco laptops, seis multifuncionales, una pantalla interactiva y mobiliario para laboratorios, \u00e1reas de convivencia y el lactario.<\/p>\n\n\n\n<p>La directora de la Facultad de Enfermer\u00eda destac\u00f3 el trabajo de sus cuerpos acad\u00e9micos, los cuales han establecido redes de colaboraci\u00f3n y convenios con instituciones nacionales e internacionales, comprometidos con la investigaci\u00f3n y la formaci\u00f3n de recursos humanos.<\/p>\n\n\n\n<p>Antes, de este Segundo Informe de Labores, la Rectora Lilia Cedillo Ram\u00edrez y la directora Erika P\u00e9rez Noriega cortaron el list\u00f3n inaugural del mural \u201cYektachalis\u201d, cuyo significado en n\u00e1huatl es \u201cCuidado\u201d, del pintor \u00d3scar Pinto, en el cual se hace alusi\u00f3n a la salud y al ciclo de la vida.&nbsp; &nbsp;<\/p>\n","protected":false},"excerpt":{"rendered":"<p>Al reconocer grandes avances en la Facultad de Enfermer\u00eda, en los \u00e1mbitos de la academia, la investigaci\u00f3n y la vinculaci\u00f3n social, la Rectora Mar\u00eda Lilia Cedillo Ram\u00edrez orient\u00f3 al personal&hellip; <\/p>\n","protected":false},"author":1,"featured_media":2876,"comment_status":"closed","ping_status":"open","sticky":false,"template":"","format":"standard","meta":{"om_disable_all_campaigns":false,"_uag_custom_page_level_css":"","_monsterinsights_skip_tracking":false,"_monsterinsights_sitenote_active":false,"_monsterinsights_sitenote_note":"","_monsterinsights_sitenote_category":0,"_uf_show_specific_survey":0,"_uf_disable_surveys":false},"categories":[1],"tags":[],"aioseo_notices":[],"uagb_featured_image_src":{"full":["https:\/\/xpresspuebla.com\/wp-content\/uploads\/2023\/11\/A_Enfermeria_1.jpeg",427,640,false],"thumbnail":["https:\/\/xpresspuebla.com\/wp-content\/uploads\/2023\/11\/A_Enfermeria_1-150x150.jpeg",150,150,true],"medium":["https:\/\/xpresspuebla.com\/wp-content\/uploads\/2023\/11\/A_Enfermeria_1-200x300.jpeg",200,300,true],"medium_large":["https:\/\/xpresspuebla.com\/wp-content\/uploads\/2023\/11\/A_Enfermeria_1.jpeg",427,640,false],"large":["https:\/\/xpresspuebla.com\/wp-content\/uploads\/2023\/11\/A_Enfermeria_1.jpeg",427,640,false],"1536x1536":["https:\/\/xpresspuebla.com\/wp-content\/uploads\/2023\/11\/A_Enfermeria_1.jpeg",427,640,false],"2048x2048":["https:\/\/xpresspuebla.com\/wp-content\/uploads\/2023\/11\/A_Enfermeria_1.jpeg",427,640,false]},"uagb_author_info":{"display_name":"xpresspuebla.com","author_link":"https:\/\/xpresspuebla.com\/index.php\/author\/xpresspuebla-com\/"},"uagb_comment_info":0,"uagb_excerpt":"Al reconocer grandes avances en la Facultad de Enfermer\u00eda, en los \u00e1mbitos de la academia, la investigaci\u00f3n y la vinculaci\u00f3n social, la Rectora Mar\u00eda Lilia Cedillo Ram\u00edrez orient\u00f3 al personal&hellip;","_links":{"self":[{"href":"https:\/\/xpresspuebla.com\/index.php\/wp-json\/wp\/v2\/posts\/2875"}],"collection":[{"href":"https:\/\/xpresspuebla.com\/index.php\/wp-json\/wp\/v2\/posts"}],"about":[{"href":"https:\/\/xpresspuebla.com\/index.php\/wp-json\/wp\/v2\/types\/post"}],"author":[{"embeddable":true,"href":"https:\/\/xpresspuebla.com\/index.php\/wp-json\/wp\/v2\/users\/1"}],"replies":[{"embeddable":true,"href":"https:\/\/xpresspuebla.com\/index.php\/wp-json\/wp\/v2\/comments?post=2875"}],"version-history":[{"count":1,"href":"https:\/\/xpresspuebla.com\/index.php\/wp-json\/wp\/v2\/posts\/2875\/revisions"}],"predecessor-version":[{"id":2877,"href":"https:\/\/xpresspuebla.com\/index.php\/wp-json\/wp\/v2\/posts\/2875\/revisions\/2877"}],"wp:featuredmedia":[{"embeddable":true,"href":"https:\/\/xpresspuebla.com\/index.php\/wp-json\/wp\/v2\/media\/2876"}],"wp:attachment":[{"href":"https:\/\/xpresspuebla.com\/index.php\/wp-json\/wp\/v2\/media?parent=2875"}],"wp:term":[{"taxonomy":"category","embeddable":true,"href":"https:\/\/xpresspuebla.com\/index.php\/wp-json\/wp\/v2\/categories?post=2875"},{"taxonomy":"post_tag","embeddable":true,"href":"https:\/\/xpresspuebla.com\/index.php\/wp-json\/wp\/v2\/tags?post=2875"}],"curies":[{"name":"wp","href":"https:\/\/api.w.org\/{rel}","templated":true}]}}