{"id":2884,"date":"2023-11-16T02:02:15","date_gmt":"2023-11-16T08:02:15","guid":{"rendered":"https:\/\/xpresspuebla.com\/?p=2884"},"modified":"2023-11-27T02:02:48","modified_gmt":"2023-11-27T08:02:48","slug":"la-rectora-lilia-cedillo-ramirez-preside-informe-del-director-de-la-facultad-de-administracion","status":"publish","type":"post","link":"https:\/\/xpresspuebla.com\/index.php\/2023\/11\/16\/la-rectora-lilia-cedillo-ramirez-preside-informe-del-director-de-la-facultad-de-administracion\/","title":{"rendered":"La Rectora Lilia Cedillo Ram\u00edrez preside informe del director de la Facultad de Administraci\u00f3n"},"content":{"rendered":"\n<ul>\n<li><strong>En un ejercicio de rendici\u00f3n de cuentas, Jos\u00e9 Aurelio Cruz de los \u00c1ngeles dio a conocer las acciones realizadas en el \u00faltimo a\u00f1o<\/strong><\/li>\n<\/ul>\n\n\n\n<p>Tras reconocer la labor docente de la Facultad de Administraci\u00f3n, la cual se aprecia en las competencias de sus egresados -algunos de ellos laboran en el extranjero-, la Rectora Mar\u00eda Lilia Cedillo Ram\u00edrez exalt\u00f3 la calidad educativa, deportiva y cultural de esta unidad acad\u00e9mica, una de las m\u00e1s grandes de la instituci\u00f3n con una matr\u00edcula de poco m\u00e1s de 11 mil estudiantes.<\/p>\n\n\n\n<p>En el Segundo Informe de Labores de Jos\u00e9 Aurelio Cruz de los \u00c1ngeles, director de esta facultad, la Rectora afirm\u00f3: \u201cEste informe nos da s\u00f3lo una idea peque\u00f1a del trabajo de esta facultad que se vincula con la sociedad y los sectores productivos del estado, el pa\u00eds y el extranjero. Su labor rinde frutos. Est\u00e1n formando profesionistas con capacidad acad\u00e9mica y buenos seres humanos\u201d.<\/p>\n\n\n\n<p>En la presentaci\u00f3n de su informe, Cruz de los \u00c1ngeles dio a conocer las acciones realizadas en el \u00faltimo a\u00f1o, como un ejercicio de transparencia y rendici\u00f3n de cuentas, en beneficio de su comunidad universitaria. En este sentido, se efectuaron m\u00e1s de 70 actividades extracurriculares, como exposiciones, ferias y cursos; la remodelaci\u00f3n integral del Hotel-Escuela para que los alumnos pongan en pr\u00e1ctica sus conocimientos y el desarrollo de torneos deportivos de diferentes disciplinas.<\/p>\n\n\n\n<p>Asimismo, mencion\u00f3 la instalaci\u00f3n de pantallas, la remodelaci\u00f3n de la sala de directores con simuladores empresariales y la creaci\u00f3n de nuevos espacios, como un centro de investigaci\u00f3n con biblioteca digital.<\/p>\n\n\n\n<p>Cruz de los \u00c1ngeles tambi\u00e9n indic\u00f3 las acciones encaminadas a potenciar los posgrados y alcanzar una eficiencia terminal del 100 por ciento, el avance en el Doctorado de Gesti\u00f3n Empresarial, la certificaci\u00f3n de m\u00e1s de 100 estudiantes en el sistema CONOCER y la consolidaci\u00f3n de los procesos de titulaci\u00f3n.<\/p>\n\n\n\n<p>De igual manera, se\u00f1al\u00f3 la consolidaci\u00f3n de la planta docente, la cual integra nueve cuerpos acad\u00e9micos y 20 de sus profesores est\u00e1n adscritos al Padr\u00f3n de Investigadores de la instituci\u00f3n.<\/p>\n\n\n\n<p>\u201cEstos logros se alcanzaron gracias al trabajo en equipo, lo que ha permitido el desarrollo de diversos eventos y proyectos\u201d, expres\u00f3 Jos\u00e9 Aurelio Cruz de los \u00c1ngeles, a la par de informar que en 2024 se buscar\u00e1 la certificaci\u00f3n de la Asociaci\u00f3n Nacional de Facultades y Escuelas de Contadur\u00eda y Administraci\u00f3n (ANFECA), la consolidaci\u00f3n de los planes de estudio, retomar los trabajos de la Maestr\u00eda en Gastronom\u00eda y una especialidad en Administraci\u00f3n de Recursos Humanos, entre otros programas acad\u00e9micos.<\/p>\n\n\n\n<p>\u201cSomo una unidad acad\u00e9mica que busca consolidarse con todos los sectores de la sociedad. Nuestro \u00e9nfasis es promover una ense\u00f1anza de calidad. En este marco, continuaremos trabajando con empat\u00eda y liderazgo para formar recursos humanos de calidad\u201d, puntualiz\u00f3.<\/p>\n","protected":false},"excerpt":{"rendered":"<p>Tras reconocer la labor docente de la Facultad de Administraci\u00f3n, la cual se aprecia en las competencias de sus egresados -algunos de ellos laboran en el extranjero-, la Rectora Mar\u00eda&hellip; <\/p>\n","protected":false},"author":1,"featured_media":2885,"comment_status":"closed","ping_status":"open","sticky":false,"template":"","format":"standard","meta":{"om_disable_all_campaigns":false,"_uag_custom_page_level_css":"","_monsterinsights_skip_tracking":false,"_monsterinsights_sitenote_active":false,"_monsterinsights_sitenote_note":"","_monsterinsights_sitenote_category":0,"_uf_show_specific_survey":0,"_uf_disable_surveys":false},"categories":[1],"tags":[],"aioseo_notices":[],"uagb_featured_image_src":{"full":["https:\/\/xpresspuebla.com\/wp-content\/uploads\/2023\/11\/A_Administracion_33.jpeg",640,427,false],"thumbnail":["https:\/\/xpresspuebla.com\/wp-content\/uploads\/2023\/11\/A_Administracion_33-150x150.jpeg",150,150,true],"medium":["https:\/\/xpresspuebla.com\/wp-content\/uploads\/2023\/11\/A_Administracion_33-300x200.jpeg",300,200,true],"medium_large":["https:\/\/xpresspuebla.com\/wp-content\/uploads\/2023\/11\/A_Administracion_33.jpeg",640,427,false],"large":["https:\/\/xpresspuebla.com\/wp-content\/uploads\/2023\/11\/A_Administracion_33.jpeg",640,427,false],"1536x1536":["https:\/\/xpresspuebla.com\/wp-content\/uploads\/2023\/11\/A_Administracion_33.jpeg",640,427,false],"2048x2048":["https:\/\/xpresspuebla.com\/wp-content\/uploads\/2023\/11\/A_Administracion_33.jpeg",640,427,false]},"uagb_author_info":{"display_name":"xpresspuebla.com","author_link":"https:\/\/xpresspuebla.com\/index.php\/author\/xpresspuebla-com\/"},"uagb_comment_info":0,"uagb_excerpt":"Tras reconocer la labor docente de la Facultad de Administraci\u00f3n, la cual se aprecia en las competencias de sus egresados -algunos de ellos laboran en el extranjero-, la Rectora Mar\u00eda&hellip;","_links":{"self":[{"href":"https:\/\/xpresspuebla.com\/index.php\/wp-json\/wp\/v2\/posts\/2884"}],"collection":[{"href":"https:\/\/xpresspuebla.com\/index.php\/wp-json\/wp\/v2\/posts"}],"about":[{"href":"https:\/\/xpresspuebla.com\/index.php\/wp-json\/wp\/v2\/types\/post"}],"author":[{"embeddable":true,"href":"https:\/\/xpresspuebla.com\/index.php\/wp-json\/wp\/v2\/users\/1"}],"replies":[{"embeddable":true,"href":"https:\/\/xpresspuebla.com\/index.php\/wp-json\/wp\/v2\/comments?post=2884"}],"version-history":[{"count":1,"href":"https:\/\/xpresspuebla.com\/index.php\/wp-json\/wp\/v2\/posts\/2884\/revisions"}],"predecessor-version":[{"id":2886,"href":"https:\/\/xpresspuebla.com\/index.php\/wp-json\/wp\/v2\/posts\/2884\/revisions\/2886"}],"wp:featuredmedia":[{"embeddable":true,"href":"https:\/\/xpresspuebla.com\/index.php\/wp-json\/wp\/v2\/media\/2885"}],"wp:attachment":[{"href":"https:\/\/xpresspuebla.com\/index.php\/wp-json\/wp\/v2\/media?parent=2884"}],"wp:term":[{"taxonomy":"category","embeddable":true,"href":"https:\/\/xpresspuebla.com\/index.php\/wp-json\/wp\/v2\/categories?post=2884"},{"taxonomy":"post_tag","embeddable":true,"href":"https:\/\/xpresspuebla.com\/index.php\/wp-json\/wp\/v2\/tags?post=2884"}],"curies":[{"name":"wp","href":"https:\/\/api.w.org\/{rel}","templated":true}]}}