{"id":2887,"date":"2023-11-19T02:02:57","date_gmt":"2023-11-19T08:02:57","guid":{"rendered":"https:\/\/xpresspuebla.com\/?p=2887"},"modified":"2023-11-27T02:03:47","modified_gmt":"2023-11-27T08:03:47","slug":"rectora-maria-lilia-cedillo-entrega-reconocimiento-por-antiguedad-a-505-trabajadores","status":"publish","type":"post","link":"https:\/\/xpresspuebla.com\/index.php\/2023\/11\/19\/rectora-maria-lilia-cedillo-entrega-reconocimiento-por-antiguedad-a-505-trabajadores\/","title":{"rendered":"Rectora Mar\u00eda Lilia Cedillo entrega reconocimiento por antig\u00fcedad a 505 trabajadores"},"content":{"rendered":"\n<ul>\n<li><strong>A docentes y administrativos con 20, 25, 30, 35, 40, 45, 50 y 55 a\u00f1os de labor en la instituci\u00f3n<\/strong><\/li>\n<\/ul>\n\n\n\n<p>Tras la entrega de reconocimientos a docentes y personal administrativo por 20, 25, 30, 35, 40, 45, 50 y 55 a\u00f1os de labor en la BUAP, la Rectora Mar\u00eda Lilia Cedillo Ram\u00edrez reconoci\u00f3 el compromiso y entrega de cada uno de los 505 galardonados, quienes con su entusiasmo y palabras de aliento han cambiado la vida de sus estudiantes y colegas: \u201cGracias por amar a la universidad\u201d, dijo.<\/p>\n\n\n\n<p>\u201cQuiero refrendar ante ustedes ese compromiso por seguir trabajando por nuestra instituci\u00f3n, el empe\u00f1o que ponemos en cada una de las acciones que emprendemos; atr\u00e1s de cada una de ellas hay una historia de vida que queremos cambiar y seguramente ustedes, a trav\u00e9s de los a\u00f1os y de su entrega, cambiaron muchas vidas, tocaron a estudiantes y a muchos compa\u00f1eros trabajadores\u201d, expres\u00f3.<\/p>\n\n\n\n<p>En la Unidad de Seminarios, la doctora Lilia Cedillo agradeci\u00f3 los a\u00f1os de labor docente y administrativa, y destac\u00f3 que la instituci\u00f3n es grande por sus trabajadores. \u201cGracias por todos estos a\u00f1os de labor incansable. Todav\u00eda los queremos m\u00e1s tiempo aqu\u00ed, desempe\u00f1ando su labor en las aulas, en los laboratorios, en las oficinas y en las diferentes dependencias de la instituci\u00f3n\u201d.<\/p>\n\n\n\n<p>Quienes obtuvieron reconocimientos por 55 a\u00f1os de labor acad\u00e9mica o administrativa fueron Ra\u00fal Cuellar del \u00c1guila y Fernando Vel\u00e1zquez Castillo; por 50 a\u00f1os, Jos\u00e9 Luis Carrillo Estrada, Alberto Cordero D\u00e1vila, Ana Mar\u00eda Huerta Jaramillo, Abraham Quiroz Palacios, Jos\u00e9 Antonio Robledo y Meza, Gloria Tirado Villegas y Francisco V\u00e9lez Pliego, entre otros. Adem\u00e1s, de Vladimir Serkin, Investigador Nacional Em\u00e9rito.<\/p>\n\n\n\n<p>Carlos Contreras Cruz, adscrito a la Vicerrector\u00eda de Docencia y con 50 a\u00f1os de labor en la universidad, exalt\u00f3 que llegar a este d\u00eda en la BUAP es un privilegio y una oportunidad para compartir sus experiencias en la instituci\u00f3n.<\/p>\n\n\n\n<p>\u201cYo cumplo 50 a\u00f1os, algo as\u00ed como m\u00e1s de 18 mil d\u00edas. Entr\u00e9 a estudiar a la universidad en 1970. Posteriormente me incorpor\u00e9 como profesor y despu\u00e9s como funcionario universitario. Son a\u00f1os significativos de nuestras vidas, personal y profesional, adem\u00e1s soy part\u00edcipe de la consolidaci\u00f3n institucional\u201d.<\/p>\n\n\n\n<p>Por su parte, Ra\u00fal Cuellar del \u00c1guila, acad\u00e9mico de la Facultad de Ciencias F\u00edsico Matem\u00e1ticas, record\u00f3 que m\u00e1s all\u00e1 de los retos y cambios en la forma de ense\u00f1ar, as\u00ed como de los problemas de la academia, \u201cnuestro compromiso como educadores va m\u00e1s all\u00e1 de adaptarnos a las herramientas tecnol\u00f3gicas: hay que favorecer entornos que propicien el conocimiento\u201d.<\/p>\n\n\n\n<p>Ambos relataron sus vivencias como universitarios, los cambios pol\u00edticos y culturales acontecidos en las d\u00e9cadas de 1960 y 1970, los cuales conllevaron al surgimiento de movimientos estudiantiles que marcaron el rumbo de la instituci\u00f3n, como la Reforma Universitaria. Los esfuerzos de estas luchas se plasmaron en el fortalecimiento de la educaci\u00f3n en el estado. \u201cAhora nos encontramos con una universidad fortalecida y reconocida por su quehacer acad\u00e9mico y cient\u00edfico\u201d, refirieron.<\/p>\n\n\n\n<p>En el pres\u00eddium acompa\u00f1aron a la Rectora el secretario General, abogada General, encargado de Despacho de la Tesorer\u00eda General, los vicerrectores de Docencia y de Investigaci\u00f3n y Estudios de Posgrado, as\u00ed como el director de Recursos Humanos: Jos\u00e9 Manuel Alonso Orozco, Miriam Olga Ponce G\u00f3mez, Carlos Mart\u00edn del Razo Lazcano, Jaime V\u00e1zquez L\u00f3pez, Ygnacio Mart\u00ednez Laguna y Sandro Reyes Soto, respectivamente.<\/p>\n","protected":false},"excerpt":{"rendered":"<p>Tras la entrega de reconocimientos a docentes y personal administrativo por 20, 25, 30, 35, 40, 45, 50 y 55 a\u00f1os de labor en la BUAP, la Rectora Mar\u00eda Lilia&hellip; <\/p>\n","protected":false},"author":1,"featured_media":2888,"comment_status":"closed","ping_status":"open","sticky":false,"template":"","format":"standard","meta":{"om_disable_all_campaigns":false,"_uag_custom_page_level_css":"","_monsterinsights_skip_tracking":false,"_monsterinsights_sitenote_active":false,"_monsterinsights_sitenote_note":"","_monsterinsights_sitenote_category":0,"_uf_show_specific_survey":0,"_uf_disable_surveys":false},"categories":[1],"tags":[],"aioseo_notices":[],"uagb_featured_image_src":{"full":["https:\/\/xpresspuebla.com\/wp-content\/uploads\/2023\/11\/A_Reconocimientos_14.jpeg",640,427,false],"thumbnail":["https:\/\/xpresspuebla.com\/wp-content\/uploads\/2023\/11\/A_Reconocimientos_14-150x150.jpeg",150,150,true],"medium":["https:\/\/xpresspuebla.com\/wp-content\/uploads\/2023\/11\/A_Reconocimientos_14-300x200.jpeg",300,200,true],"medium_large":["https:\/\/xpresspuebla.com\/wp-content\/uploads\/2023\/11\/A_Reconocimientos_14.jpeg",640,427,false],"large":["https:\/\/xpresspuebla.com\/wp-content\/uploads\/2023\/11\/A_Reconocimientos_14.jpeg",640,427,false],"1536x1536":["https:\/\/xpresspuebla.com\/wp-content\/uploads\/2023\/11\/A_Reconocimientos_14.jpeg",640,427,false],"2048x2048":["https:\/\/xpresspuebla.com\/wp-content\/uploads\/2023\/11\/A_Reconocimientos_14.jpeg",640,427,false]},"uagb_author_info":{"display_name":"xpresspuebla.com","author_link":"https:\/\/xpresspuebla.com\/index.php\/author\/xpresspuebla-com\/"},"uagb_comment_info":0,"uagb_excerpt":"Tras la entrega de reconocimientos a docentes y personal administrativo por 20, 25, 30, 35, 40, 45, 50 y 55 a\u00f1os de labor en la BUAP, la Rectora Mar\u00eda Lilia&hellip;","_links":{"self":[{"href":"https:\/\/xpresspuebla.com\/index.php\/wp-json\/wp\/v2\/posts\/2887"}],"collection":[{"href":"https:\/\/xpresspuebla.com\/index.php\/wp-json\/wp\/v2\/posts"}],"about":[{"href":"https:\/\/xpresspuebla.com\/index.php\/wp-json\/wp\/v2\/types\/post"}],"author":[{"embeddable":true,"href":"https:\/\/xpresspuebla.com\/index.php\/wp-json\/wp\/v2\/users\/1"}],"replies":[{"embeddable":true,"href":"https:\/\/xpresspuebla.com\/index.php\/wp-json\/wp\/v2\/comments?post=2887"}],"version-history":[{"count":1,"href":"https:\/\/xpresspuebla.com\/index.php\/wp-json\/wp\/v2\/posts\/2887\/revisions"}],"predecessor-version":[{"id":2889,"href":"https:\/\/xpresspuebla.com\/index.php\/wp-json\/wp\/v2\/posts\/2887\/revisions\/2889"}],"wp:featuredmedia":[{"embeddable":true,"href":"https:\/\/xpresspuebla.com\/index.php\/wp-json\/wp\/v2\/media\/2888"}],"wp:attachment":[{"href":"https:\/\/xpresspuebla.com\/index.php\/wp-json\/wp\/v2\/media?parent=2887"}],"wp:term":[{"taxonomy":"category","embeddable":true,"href":"https:\/\/xpresspuebla.com\/index.php\/wp-json\/wp\/v2\/categories?post=2887"},{"taxonomy":"post_tag","embeddable":true,"href":"https:\/\/xpresspuebla.com\/index.php\/wp-json\/wp\/v2\/tags?post=2887"}],"curies":[{"name":"wp","href":"https:\/\/api.w.org\/{rel}","templated":true}]}}