{"id":2925,"date":"2023-11-26T02:14:48","date_gmt":"2023-11-26T08:14:48","guid":{"rendered":"https:\/\/xpresspuebla.com\/?p=2925"},"modified":"2023-11-27T02:15:28","modified_gmt":"2023-11-27T08:15:28","slug":"estudiante-buap-segundo-lugar-nacional-en-la-xxxvii-olimpiada-mexicana-de-matematicas","status":"publish","type":"post","link":"https:\/\/xpresspuebla.com\/index.php\/2023\/11\/26\/estudiante-buap-segundo-lugar-nacional-en-la-xxxvii-olimpiada-mexicana-de-matematicas\/","title":{"rendered":"Estudiante BUAP, segundo lugar nacional en la XXXVII Olimpiada Mexicana de Matem\u00e1ticas"},"content":{"rendered":"\n<ul>\n<li><strong>Y\u00e9rik Flores Torres, de la Preparatoria Regional Sim\u00f3n Bol\u00edvar de Atlixco, compiti\u00f3 con cerca de 190 preparatorianos -algunos de secundaria- del pa\u00eds<\/strong><\/li>\n<\/ul>\n\n\n\n<p>Tras escalar con \u00e9xito las cuatro etapas previas a la fase nacional de la XXXVII Olimpiada Mexicana de Matem\u00e1ticas (OMM), Y\u00e9rik Dami\u00e1n Flores Torres, alumno de la Preparatoria Regional Sim\u00f3n Bol\u00edvar de Atlixco, gan\u00f3 medalla de plata al colocarse en el segundo lugar de este certamen en el que midi\u00f3 sus conocimientos con alrededor de 190 preparatorianos -algunos de secundaria- del pa\u00eds.<\/p>\n\n\n\n<p>Esta posici\u00f3n lograda en la fase nacional de la OMM -que en su edici\u00f3n 2023 tuvo lugar en Durango, Durango- significa para el alumno del tercer semestre de preparatoria \u201cun paso m\u00e1s para llegar al oro\u201d y obtener su pase a las competencias internacionales, una meta que buscar\u00e1 concretar el a\u00f1o pr\u00f3ximo.<\/p>\n\n\n\n<p>La OMM consta de cinco etapas: escolar, regional, estatal, entrenamiento y selecci\u00f3n, y nacional. Y\u00e9rik Dami\u00e1n obtuvo el primer lugar en la fase de entrenamiento y selecci\u00f3n (la cuarta), lo que determin\u00f3 que formara parte de la delegaci\u00f3n del estado en la fase nacional: en la XXXVII Olimpiada Mexicana de Matem\u00e1ticas.&nbsp;<\/p>\n\n\n\n<p>Este a\u00f1o es la tercera ocasi\u00f3n que participa en la etapa nacional de la OMM: la primera vez obtuvo Menci\u00f3n Honor\u00edfica; en la segunda, medalla de bronce; y en la tercera, este 2023, medalla de plata, lo que da cuenta de una carrera ascendente.<\/p>\n\n\n\n<p>Su vocaci\u00f3n por las Matem\u00e1ticas surgi\u00f3 de su inter\u00e9s por conocer m\u00e1s all\u00e1 de lo aprendido en las aulas, as\u00ed como de tener otra visi\u00f3n de los problemas matem\u00e1ticos. Ahora, el desaf\u00edo m\u00e1s grande del estudiante de la Preparatoria Regional Sim\u00f3n Bol\u00edvar de Atlixco, de la BUAP, &nbsp;es ganar el oro en 2024, algo que prev\u00e9 lograr con m\u00e1s estudio y m\u00e1s pr\u00e1ctica en la resoluci\u00f3n de problemas.<\/p>\n\n\n\n<p>El objetivo de la OMM, un certamen organizado por la Sociedad Mexicana de Matem\u00e1ticas, es promover el estudio de las Matem\u00e1ticas en forma creativa, evitando la memorizaci\u00f3n y mecanizaci\u00f3n del m\u00e9todo tradicional. As\u00ed tambi\u00e9n, desarrollar el razonamiento y la imaginaci\u00f3n en los j\u00f3venes.<\/p>\n","protected":false},"excerpt":{"rendered":"<p>Tras escalar con \u00e9xito las cuatro etapas previas a la fase nacional de la XXXVII Olimpiada Mexicana de Matem\u00e1ticas (OMM), Y\u00e9rik Dami\u00e1n Flores Torres, alumno de la Preparatoria Regional Sim\u00f3n&hellip; <\/p>\n","protected":false},"author":1,"featured_media":2926,"comment_status":"closed","ping_status":"open","sticky":false,"template":"","format":"standard","meta":{"om_disable_all_campaigns":false,"_uag_custom_page_level_css":"","_monsterinsights_skip_tracking":false,"_monsterinsights_sitenote_active":false,"_monsterinsights_sitenote_note":"","_monsterinsights_sitenote_category":0,"_uf_show_specific_survey":0,"_uf_disable_surveys":false},"categories":[1],"tags":[],"aioseo_notices":[],"uagb_featured_image_src":{"full":["https:\/\/xpresspuebla.com\/wp-content\/uploads\/2023\/11\/A_Matematicas_8.jpeg",640,320,false],"thumbnail":["https:\/\/xpresspuebla.com\/wp-content\/uploads\/2023\/11\/A_Matematicas_8-150x150.jpeg",150,150,true],"medium":["https:\/\/xpresspuebla.com\/wp-content\/uploads\/2023\/11\/A_Matematicas_8-300x150.jpeg",300,150,true],"medium_large":["https:\/\/xpresspuebla.com\/wp-content\/uploads\/2023\/11\/A_Matematicas_8.jpeg",640,320,false],"large":["https:\/\/xpresspuebla.com\/wp-content\/uploads\/2023\/11\/A_Matematicas_8.jpeg",640,320,false],"1536x1536":["https:\/\/xpresspuebla.com\/wp-content\/uploads\/2023\/11\/A_Matematicas_8.jpeg",640,320,false],"2048x2048":["https:\/\/xpresspuebla.com\/wp-content\/uploads\/2023\/11\/A_Matematicas_8.jpeg",640,320,false]},"uagb_author_info":{"display_name":"xpresspuebla.com","author_link":"https:\/\/xpresspuebla.com\/index.php\/author\/xpresspuebla-com\/"},"uagb_comment_info":0,"uagb_excerpt":"Tras escalar con \u00e9xito las cuatro etapas previas a la fase nacional de la XXXVII Olimpiada Mexicana de Matem\u00e1ticas (OMM), Y\u00e9rik Dami\u00e1n Flores Torres, alumno de la Preparatoria Regional Sim\u00f3n&hellip;","_links":{"self":[{"href":"https:\/\/xpresspuebla.com\/index.php\/wp-json\/wp\/v2\/posts\/2925"}],"collection":[{"href":"https:\/\/xpresspuebla.com\/index.php\/wp-json\/wp\/v2\/posts"}],"about":[{"href":"https:\/\/xpresspuebla.com\/index.php\/wp-json\/wp\/v2\/types\/post"}],"author":[{"embeddable":true,"href":"https:\/\/xpresspuebla.com\/index.php\/wp-json\/wp\/v2\/users\/1"}],"replies":[{"embeddable":true,"href":"https:\/\/xpresspuebla.com\/index.php\/wp-json\/wp\/v2\/comments?post=2925"}],"version-history":[{"count":1,"href":"https:\/\/xpresspuebla.com\/index.php\/wp-json\/wp\/v2\/posts\/2925\/revisions"}],"predecessor-version":[{"id":2927,"href":"https:\/\/xpresspuebla.com\/index.php\/wp-json\/wp\/v2\/posts\/2925\/revisions\/2927"}],"wp:featuredmedia":[{"embeddable":true,"href":"https:\/\/xpresspuebla.com\/index.php\/wp-json\/wp\/v2\/media\/2926"}],"wp:attachment":[{"href":"https:\/\/xpresspuebla.com\/index.php\/wp-json\/wp\/v2\/media?parent=2925"}],"wp:term":[{"taxonomy":"category","embeddable":true,"href":"https:\/\/xpresspuebla.com\/index.php\/wp-json\/wp\/v2\/categories?post=2925"},{"taxonomy":"post_tag","embeddable":true,"href":"https:\/\/xpresspuebla.com\/index.php\/wp-json\/wp\/v2\/tags?post=2925"}],"curies":[{"name":"wp","href":"https:\/\/api.w.org\/{rel}","templated":true}]}}