{"id":2928,"date":"2023-11-26T02:15:38","date_gmt":"2023-11-26T08:15:38","guid":{"rendered":"https:\/\/xpresspuebla.com\/?p=2928"},"modified":"2023-11-27T02:16:12","modified_gmt":"2023-11-27T08:16:12","slug":"en-la-noche-de-las-estrellas-2023-cu-recibio-a-miles-de-personas","status":"publish","type":"post","link":"https:\/\/xpresspuebla.com\/index.php\/2023\/11\/26\/en-la-noche-de-las-estrellas-2023-cu-recibio-a-miles-de-personas\/","title":{"rendered":"En la Noche de las Estrellas 2023, CU recibi\u00f3 a miles de personas"},"content":{"rendered":"\n<ul>\n<li><strong>M\u00e1s de 100 telescopios, 70 conferencias y 120 experimentos interactivos. La BUAP instal\u00f3 adem\u00e1s sedes en el interior del estado<\/strong><\/li>\n<\/ul>\n\n\n\n<p>Al ocultarse el sol, este s\u00e1bado 25 de noviembre, Ciudad Universitaria (CU) de la BUAP no s\u00f3lo fue el hogar de las aves que se resguardaron del fr\u00edo, tambi\u00e9n fue el sitio predilecto de familias poblanas que a\u00f1o con a\u00f1o acuden al campus central de la M\u00e1xima Casa de Estudios en Puebla, para vivir una velada astron\u00f3mica de aprendizaje y disfrute en la tradicional Noche de las Estrellas 2023.<\/p>\n\n\n\n<p>En esta edici\u00f3n se conmemor\u00f3 el 550 aniversario del natalicio de Nicol\u00e1s Cop\u00e9rnico y los 60 a\u00f1os de las mujeres en el espacio, entre ellas, la primera, Valentina Tereshkova. Adem\u00e1s de la capital poblana, la BUAP instal\u00f3 ocho sedes en el interior del estado: Chiautla de Tapia, Huaquechula, Iz\u00facar de Matamoros, Tlaxcalancingo, Acajete, Tehuitzingo, Cuautlancingo y Tecali de Herrera, en esta \u00faltima s\u00f3lo se realiz\u00f3 observaci\u00f3n del sol de 10:00 a 14:00 horas.<\/p>\n\n\n\n<p>A partir de las 17:00 horas, ni\u00f1os, j\u00f3venes y adultos ingresaron a CU por la 18 Sur y Avenida San Claudio, donde tuvo lugar la inauguraci\u00f3n y fueron recibidos con m\u00fasica en el cami\u00f3n escenario de la Vicerrector\u00eda de Extensi\u00f3n y Difusi\u00f3n de la Cultura.<\/p>\n\n\n\n<p>En esta velada astron\u00f3mica, en CU se impartieron 70 conferencias a cargo de docentes de la BUAP y la UNAM, entre otros. Adem\u00e1s, 120 experimentos interactivos, en cada uno de los cuales estudiantes explicaron fundamentos de mec\u00e1nica, \u00f3ptica, f\u00edsica de biomol\u00e9culas, materiales inteligentes en el espacio, biose\u00f1ales, meteoritos, contaminaci\u00f3n lum\u00ednica y rob\u00f3tica, entre otros temas.<\/p>\n\n\n\n<p>Avanzada la noche, a trav\u00e9s de la lente de poco m\u00e1s de 100 telescopios, los poblanos observaron la luna llena, la estrella Doble Albireo, los planetas Saturno y J\u00fapiter, la galaxia de Andr\u00f3meda, la nebulosa de Ori\u00f3n y los c\u00famulos doble en Perseo, de la lib\u00e9lula, M45, M36, M37, M38, M41 y Ngc 1981, Carro de Carb\u00f3n.<\/p>\n\n\n\n<p>Como los anteriores, este a\u00f1o la instituci\u00f3n reuni\u00f3 a m\u00e1s de 25 mil personas en La Noche de las Estrellas 2023, un acontecimiento que re\u00fane a miles de personas en el mundo, con el mismo objetivo: observar los astros y maravillarse del Universo.<\/p>\n","protected":false},"excerpt":{"rendered":"<p>Al ocultarse el sol, este s\u00e1bado 25 de noviembre, Ciudad Universitaria (CU) de la BUAP no s\u00f3lo fue el hogar de las aves que se resguardaron del fr\u00edo, tambi\u00e9n fue&hellip; <\/p>\n","protected":false},"author":1,"featured_media":2929,"comment_status":"closed","ping_status":"open","sticky":false,"template":"","format":"standard","meta":{"om_disable_all_campaigns":false,"_uag_custom_page_level_css":"","_monsterinsights_skip_tracking":false,"_monsterinsights_sitenote_active":false,"_monsterinsights_sitenote_note":"","_monsterinsights_sitenote_category":0,"_uf_show_specific_survey":0,"_uf_disable_surveys":false},"categories":[1],"tags":[],"aioseo_notices":[],"uagb_featured_image_src":{"full":["https:\/\/xpresspuebla.com\/wp-content\/uploads\/2023\/11\/A_NDLEB2023.jpeg",427,640,false],"thumbnail":["https:\/\/xpresspuebla.com\/wp-content\/uploads\/2023\/11\/A_NDLEB2023-150x150.jpeg",150,150,true],"medium":["https:\/\/xpresspuebla.com\/wp-content\/uploads\/2023\/11\/A_NDLEB2023-200x300.jpeg",200,300,true],"medium_large":["https:\/\/xpresspuebla.com\/wp-content\/uploads\/2023\/11\/A_NDLEB2023.jpeg",427,640,false],"large":["https:\/\/xpresspuebla.com\/wp-content\/uploads\/2023\/11\/A_NDLEB2023.jpeg",427,640,false],"1536x1536":["https:\/\/xpresspuebla.com\/wp-content\/uploads\/2023\/11\/A_NDLEB2023.jpeg",427,640,false],"2048x2048":["https:\/\/xpresspuebla.com\/wp-content\/uploads\/2023\/11\/A_NDLEB2023.jpeg",427,640,false]},"uagb_author_info":{"display_name":"xpresspuebla.com","author_link":"https:\/\/xpresspuebla.com\/index.php\/author\/xpresspuebla-com\/"},"uagb_comment_info":0,"uagb_excerpt":"Al ocultarse el sol, este s\u00e1bado 25 de noviembre, Ciudad Universitaria (CU) de la BUAP no s\u00f3lo fue el hogar de las aves que se resguardaron del fr\u00edo, tambi\u00e9n fue&hellip;","_links":{"self":[{"href":"https:\/\/xpresspuebla.com\/index.php\/wp-json\/wp\/v2\/posts\/2928"}],"collection":[{"href":"https:\/\/xpresspuebla.com\/index.php\/wp-json\/wp\/v2\/posts"}],"about":[{"href":"https:\/\/xpresspuebla.com\/index.php\/wp-json\/wp\/v2\/types\/post"}],"author":[{"embeddable":true,"href":"https:\/\/xpresspuebla.com\/index.php\/wp-json\/wp\/v2\/users\/1"}],"replies":[{"embeddable":true,"href":"https:\/\/xpresspuebla.com\/index.php\/wp-json\/wp\/v2\/comments?post=2928"}],"version-history":[{"count":1,"href":"https:\/\/xpresspuebla.com\/index.php\/wp-json\/wp\/v2\/posts\/2928\/revisions"}],"predecessor-version":[{"id":2930,"href":"https:\/\/xpresspuebla.com\/index.php\/wp-json\/wp\/v2\/posts\/2928\/revisions\/2930"}],"wp:featuredmedia":[{"embeddable":true,"href":"https:\/\/xpresspuebla.com\/index.php\/wp-json\/wp\/v2\/media\/2929"}],"wp:attachment":[{"href":"https:\/\/xpresspuebla.com\/index.php\/wp-json\/wp\/v2\/media?parent=2928"}],"wp:term":[{"taxonomy":"category","embeddable":true,"href":"https:\/\/xpresspuebla.com\/index.php\/wp-json\/wp\/v2\/categories?post=2928"},{"taxonomy":"post_tag","embeddable":true,"href":"https:\/\/xpresspuebla.com\/index.php\/wp-json\/wp\/v2\/tags?post=2928"}],"curies":[{"name":"wp","href":"https:\/\/api.w.org\/{rel}","templated":true}]}}