{"id":2931,"date":"2023-11-26T02:16:25","date_gmt":"2023-11-26T08:16:25","guid":{"rendered":"https:\/\/xpresspuebla.com\/?p=2931"},"modified":"2023-11-27T02:16:54","modified_gmt":"2023-11-27T08:16:54","slug":"impulsa-buap-modelo-de-educacion-dual-al-firmar-convenio-con-trefilados-inoxidables-de-mexico","status":"publish","type":"post","link":"https:\/\/xpresspuebla.com\/index.php\/2023\/11\/26\/impulsa-buap-modelo-de-educacion-dual-al-firmar-convenio-con-trefilados-inoxidables-de-mexico\/","title":{"rendered":"Impulsa BUAP modelo de educaci\u00f3n dual al firmar convenio con Trefilados Inoxidables de M\u00e9xico"},"content":{"rendered":"\n<ul>\n<li><strong>Estudiantes tendr\u00e1n acceso a residencias profesionales en esta empresa<\/strong><\/li>\n<\/ul>\n\n\n\n<p>Fomentar la cooperaci\u00f3n entre la universidad y el sector privado para impulsar la formaci\u00f3n de estudiantes desde un modelo de educaci\u00f3n dual es uno de los objetivos del convenio de colaboraci\u00f3n, acad\u00e9mica, cient\u00edfica y tecnol\u00f3gica, entre la BUAP y la empresa Trefilados Inoxidables de M\u00e9xico, el cual suscribieron la Rectora Mar\u00eda Lilia Cedillo Ram\u00edrez y el director general de la compa\u00f1\u00eda, Sergio Ramos V\u00e1zquez.<\/p>\n\n\n\n<p>La Rectora de la BUAP agradeci\u00f3 la confianza de Trefilados Inoxidables de M\u00e9xico y resalt\u00f3 las ventajas que tienen los j\u00f3venes que participan en un programa dual, pues los dotan de experiencia y confianza: \u201cLa universidad les brinda las herramientas acad\u00e9micas, pero la educaci\u00f3n dual los acerca a la capacitaci\u00f3n directa y a la experiencia laboral, la cual es fundamental para un egresado\u201d.<\/p>\n\n\n\n<p>De esta forma quedaron establecidos los lineamientos para la realizaci\u00f3n de actividades mixtas, como movilidad para acad\u00e9micos, cursos, seminarios y talleres. La colaboraci\u00f3n inicia con el Complejo Regional Centro, cuyos estudiantes&nbsp; tendr\u00e1n acceso a residencias profesionales en esta empresa, para adquirir competencias profesionales en un entorno diferente a las aulas.<\/p>\n\n\n\n<p>Este esquema de aprendizaje forma parte del Sistema de Educaci\u00f3n Dual (SED), impulsado por el gobierno federal, un modelo que empieza a ser adoptado por los empresarios con excelentes resultados, refiri\u00f3 Sergio Ramos V\u00e1zquez, quien se\u00f1al\u00f3 que hasta el momento su empresa ha capacitado con este esquema a cerca de 26 estudiantes.<\/p>\n\n\n\n<p>\u201cAlgunos optan por seguir estudiando, otros m\u00e1s se quedan con nosotros. &nbsp;Toda la inversi\u00f3n que se hace en ellos vale la pena, porque entran directo a nuestros procesos; aquellos que deciden seguir estudiando cuando termina nuestra capacitaci\u00f3n, con la experiencia que adquirieron les va muy bien en lo laboral\u201d, indic\u00f3.<\/p>\n\n\n\n<p>Por su parte, el doctor Jos\u00e9 Jaime V\u00e1zquez L\u00f3pez, vicerrector de Docencia de la BUAP, mencion\u00f3 que vincular a los estudiantes de manera temprana con esa formaci\u00f3n pr\u00e1ctica y ligar de forma estrecha el plano educativo con las empresas donde se desarrollan los procesos productivos, tiene muchos beneficios.&nbsp; Por ello, dijo, la Rectora dio instrucciones para que se den todas las facilidades a las unidades acad\u00e9micas que busquen convenios para establecer este modelo dual.<\/p>\n\n\n\n<p>V\u00e1zquez L\u00f3pez aclar\u00f3 que no es para todos los j\u00f3venes, pues se deben cumplir con ciertas caracter\u00edsticas especiales; sin embargo, se espera que este sea el primero de muchos convenios con otras compa\u00f1\u00edas con las que se trabajar\u00e1 desde esta \u00f3ptica.<\/p>\n","protected":false},"excerpt":{"rendered":"<p>Fomentar la cooperaci\u00f3n entre la universidad y el sector privado para impulsar la formaci\u00f3n de estudiantes desde un modelo de educaci\u00f3n dual es uno de los objetivos del convenio de&hellip; <\/p>\n","protected":false},"author":1,"featured_media":2932,"comment_status":"closed","ping_status":"open","sticky":false,"template":"","format":"standard","meta":{"om_disable_all_campaigns":false,"_uag_custom_page_level_css":"","_monsterinsights_skip_tracking":false,"_monsterinsights_sitenote_active":false,"_monsterinsights_sitenote_note":"","_monsterinsights_sitenote_category":0,"_uf_show_specific_survey":0,"_uf_disable_surveys":false},"categories":[1],"tags":[],"aioseo_notices":[],"uagb_featured_image_src":{"full":["https:\/\/xpresspuebla.com\/wp-content\/uploads\/2023\/11\/A_Firma_6.jpeg",640,427,false],"thumbnail":["https:\/\/xpresspuebla.com\/wp-content\/uploads\/2023\/11\/A_Firma_6-150x150.jpeg",150,150,true],"medium":["https:\/\/xpresspuebla.com\/wp-content\/uploads\/2023\/11\/A_Firma_6-300x200.jpeg",300,200,true],"medium_large":["https:\/\/xpresspuebla.com\/wp-content\/uploads\/2023\/11\/A_Firma_6.jpeg",640,427,false],"large":["https:\/\/xpresspuebla.com\/wp-content\/uploads\/2023\/11\/A_Firma_6.jpeg",640,427,false],"1536x1536":["https:\/\/xpresspuebla.com\/wp-content\/uploads\/2023\/11\/A_Firma_6.jpeg",640,427,false],"2048x2048":["https:\/\/xpresspuebla.com\/wp-content\/uploads\/2023\/11\/A_Firma_6.jpeg",640,427,false]},"uagb_author_info":{"display_name":"xpresspuebla.com","author_link":"https:\/\/xpresspuebla.com\/index.php\/author\/xpresspuebla-com\/"},"uagb_comment_info":0,"uagb_excerpt":"Fomentar la cooperaci\u00f3n entre la universidad y el sector privado para impulsar la formaci\u00f3n de estudiantes desde un modelo de educaci\u00f3n dual es uno de los objetivos del convenio de&hellip;","_links":{"self":[{"href":"https:\/\/xpresspuebla.com\/index.php\/wp-json\/wp\/v2\/posts\/2931"}],"collection":[{"href":"https:\/\/xpresspuebla.com\/index.php\/wp-json\/wp\/v2\/posts"}],"about":[{"href":"https:\/\/xpresspuebla.com\/index.php\/wp-json\/wp\/v2\/types\/post"}],"author":[{"embeddable":true,"href":"https:\/\/xpresspuebla.com\/index.php\/wp-json\/wp\/v2\/users\/1"}],"replies":[{"embeddable":true,"href":"https:\/\/xpresspuebla.com\/index.php\/wp-json\/wp\/v2\/comments?post=2931"}],"version-history":[{"count":1,"href":"https:\/\/xpresspuebla.com\/index.php\/wp-json\/wp\/v2\/posts\/2931\/revisions"}],"predecessor-version":[{"id":2933,"href":"https:\/\/xpresspuebla.com\/index.php\/wp-json\/wp\/v2\/posts\/2931\/revisions\/2933"}],"wp:featuredmedia":[{"embeddable":true,"href":"https:\/\/xpresspuebla.com\/index.php\/wp-json\/wp\/v2\/media\/2932"}],"wp:attachment":[{"href":"https:\/\/xpresspuebla.com\/index.php\/wp-json\/wp\/v2\/media?parent=2931"}],"wp:term":[{"taxonomy":"category","embeddable":true,"href":"https:\/\/xpresspuebla.com\/index.php\/wp-json\/wp\/v2\/categories?post=2931"},{"taxonomy":"post_tag","embeddable":true,"href":"https:\/\/xpresspuebla.com\/index.php\/wp-json\/wp\/v2\/tags?post=2931"}],"curies":[{"name":"wp","href":"https:\/\/api.w.org\/{rel}","templated":true}]}}