{"id":2963,"date":"2023-11-19T19:37:55","date_gmt":"2023-11-20T01:37:55","guid":{"rendered":"https:\/\/xpresspuebla.com\/?p=2963"},"modified":"2023-11-29T19:39:05","modified_gmt":"2023-11-30T01:39:05","slug":"en-yehualtepec-la-fiscalia-de-puebla-recupero-un-vehiculo-robado","status":"publish","type":"post","link":"https:\/\/xpresspuebla.com\/index.php\/2023\/11\/19\/en-yehualtepec-la-fiscalia-de-puebla-recupero-un-vehiculo-robado\/","title":{"rendered":"En Yehualtepec la Fiscal\u00eda de Puebla recuper\u00f3 un veh\u00edculo robado"},"content":{"rendered":"\n<p>En el municipio de Yehualtepec, al cumplir una orden de cateo la Fiscal\u00eda General del Estado de Puebla recuper\u00f3 un veh\u00edculo con reporte de robo.<\/p>\n\n\n\n<p>El 9 de noviembre de 2023 personal de la Fiscal\u00eda ubic\u00f3 en San Gabriel Tetzoyocan un auto presuntamente robado en el estado de Guerrero, e inici\u00f3 investigaci\u00f3n por el delito de desmantelamiento de veh\u00edculo con reporte de robo.<\/p>\n\n\n\n<p>Luego de practicar diversas acciones, el 13 de noviembre la Fiscal\u00eda solicit\u00f3, obtuvo y cumpli\u00f3 orden de cateo para acreditar la existencia del veh\u00edculo en el interior del domicilio.<\/p>\n\n\n\n<p>En el lugar, los agentes investigadores aseguraron la unidad motivo del cateo, un Kia tipo Sed\u00e1n Forte modelo 2022 con placas de circulaci\u00f3n DPK218E del estado de Chiapas, robado el 08 de noviembre de 2023 en Guerrero.<\/p>\n","protected":false},"excerpt":{"rendered":"<p>En el municipio de Yehualtepec, al cumplir una orden de cateo la Fiscal\u00eda General del Estado de Puebla recuper\u00f3 un veh\u00edculo con reporte de robo. El 9 de noviembre de&hellip; <\/p>\n","protected":false},"author":1,"featured_media":2964,"comment_status":"closed","ping_status":"open","sticky":false,"template":"","format":"standard","meta":{"om_disable_all_campaigns":false,"_uag_custom_page_level_css":"","_monsterinsights_skip_tracking":false,"_monsterinsights_sitenote_active":false,"_monsterinsights_sitenote_note":"","_monsterinsights_sitenote_category":0,"_uf_show_specific_survey":0,"_uf_disable_surveys":false},"categories":[7],"tags":[],"aioseo_notices":[],"uagb_featured_image_src":{"full":["https:\/\/xpresspuebla.com\/wp-content\/uploads\/2023\/11\/cateo-Yehualtepec_01.jpg",1920,1080,false],"thumbnail":["https:\/\/xpresspuebla.com\/wp-content\/uploads\/2023\/11\/cateo-Yehualtepec_01-150x150.jpg",150,150,true],"medium":["https:\/\/xpresspuebla.com\/wp-content\/uploads\/2023\/11\/cateo-Yehualtepec_01-300x169.jpg",300,169,true],"medium_large":["https:\/\/xpresspuebla.com\/wp-content\/uploads\/2023\/11\/cateo-Yehualtepec_01-768x432.jpg",768,432,true],"large":["https:\/\/xpresspuebla.com\/wp-content\/uploads\/2023\/11\/cateo-Yehualtepec_01-1024x576.jpg",1024,576,true],"1536x1536":["https:\/\/xpresspuebla.com\/wp-content\/uploads\/2023\/11\/cateo-Yehualtepec_01-1536x864.jpg",1536,864,true],"2048x2048":["https:\/\/xpresspuebla.com\/wp-content\/uploads\/2023\/11\/cateo-Yehualtepec_01.jpg",1920,1080,false]},"uagb_author_info":{"display_name":"xpresspuebla.com","author_link":"https:\/\/xpresspuebla.com\/index.php\/author\/xpresspuebla-com\/"},"uagb_comment_info":0,"uagb_excerpt":"En el municipio de Yehualtepec, al cumplir una orden de cateo la Fiscal\u00eda General del Estado de Puebla recuper\u00f3 un veh\u00edculo con reporte de robo. El 9 de noviembre de&hellip;","_links":{"self":[{"href":"https:\/\/xpresspuebla.com\/index.php\/wp-json\/wp\/v2\/posts\/2963"}],"collection":[{"href":"https:\/\/xpresspuebla.com\/index.php\/wp-json\/wp\/v2\/posts"}],"about":[{"href":"https:\/\/xpresspuebla.com\/index.php\/wp-json\/wp\/v2\/types\/post"}],"author":[{"embeddable":true,"href":"https:\/\/xpresspuebla.com\/index.php\/wp-json\/wp\/v2\/users\/1"}],"replies":[{"embeddable":true,"href":"https:\/\/xpresspuebla.com\/index.php\/wp-json\/wp\/v2\/comments?post=2963"}],"version-history":[{"count":1,"href":"https:\/\/xpresspuebla.com\/index.php\/wp-json\/wp\/v2\/posts\/2963\/revisions"}],"predecessor-version":[{"id":2965,"href":"https:\/\/xpresspuebla.com\/index.php\/wp-json\/wp\/v2\/posts\/2963\/revisions\/2965"}],"wp:featuredmedia":[{"embeddable":true,"href":"https:\/\/xpresspuebla.com\/index.php\/wp-json\/wp\/v2\/media\/2964"}],"wp:attachment":[{"href":"https:\/\/xpresspuebla.com\/index.php\/wp-json\/wp\/v2\/media?parent=2963"}],"wp:term":[{"taxonomy":"category","embeddable":true,"href":"https:\/\/xpresspuebla.com\/index.php\/wp-json\/wp\/v2\/categories?post=2963"},{"taxonomy":"post_tag","embeddable":true,"href":"https:\/\/xpresspuebla.com\/index.php\/wp-json\/wp\/v2\/tags?post=2963"}],"curies":[{"name":"wp","href":"https:\/\/api.w.org\/{rel}","templated":true}]}}