{"id":3170,"date":"2024-02-28T20:09:11","date_gmt":"2024-02-29T02:09:11","guid":{"rendered":"https:\/\/xpresspuebla.com\/?p=3170"},"modified":"2024-02-29T20:12:33","modified_gmt":"2024-03-01T02:12:33","slug":"expondra-feria-de-puebla-2024-unidad-familiar-y-grandeza-del-estado-sergio-salomon-presenta-evento","status":"publish","type":"post","link":"https:\/\/xpresspuebla.com\/index.php\/2024\/02\/28\/expondra-feria-de-puebla-2024-unidad-familiar-y-grandeza-del-estado-sergio-salomon-presenta-evento\/","title":{"rendered":"Expondr\u00e1 feria de Puebla 2024 unidad familiar y grandeza del estado; Sergio Salom\u00f3n presenta evento"},"content":{"rendered":"\n<p><em>-En el Teatro del Pueblo se presentar\u00e1n Maluma, Enrique Iglesias, Alejandro Sanz, Paulina Rubio, Caifanes, David Bisbal y Marco Antonio Sol\u00eds<\/em><\/p>\n\n\n\n<p><em>-Mientras que en el Palenque estar\u00e1n Alejandro Fern\u00e1ndez, Gloria Trevi, Emmanuel y Mijares, as\u00ed como Christian Nodal<\/em><\/p>\n\n\n\n<p><strong>CIUDAD DE PUEBLA, Pue. &#8211;<\/strong>&nbsp;La Feria de Puebla 2024 expondr\u00e1 la grandeza del estado, as\u00ed como el lazo de unidad y familiar que hay entre las y los poblanos, expuso el gobernador Sergio Salom\u00f3n al presentar el evento a realizarse del jueves 25 de abril al domingo 12 de mayo en la zona de Los Fuertes y que contar\u00e1 con exposiciones y espect\u00e1culos de talla internacional.<\/p>\n\n\n\n<p>En compa\u00f1\u00eda de la presidenta honoraria del Patronato del SEDIF, Gaby Bonilla, as\u00ed como de empresarios, el titular del Ejecutivo coment\u00f3 que el gobierno estatal coadyuva con el sector privado para posicionar en diversos rubros a la entidad tanto de manera nacional como mundial. Por ello, invit\u00f3 a las y los poblanos, as\u00ed como visitantes a disfrutar de la feria, la cual es \u00fanica cada a\u00f1o.<\/p>\n\n\n\n<p>Indic\u00f3 que este tipo de eventos tambi\u00e9n son fundamentales para que la poblaci\u00f3n se reencuentre y fortalezca los lazos como comunidad. Adem\u00e1s de conciertos, dijo, la Feria de Puebla contar\u00e1 con espect\u00e1culos circense y sobre hielo, exposiciones artesanales y de ganado: &#8220;Puebla est\u00e1 destino a tener lo mejor del mundo y a disfrutarlo en familia&#8221;.<\/p>\n\n\n\n<p>El cartel del Teatro del Pueblo de la Feria de Puebla 2024 es el siguiente:<\/p>\n\n\n\n<p>El jueves 25 de abril estar\u00e1 Carlos Rivera; el viernes 26, Caifanes; s\u00e1bado 27, Enrique Iglesias y, domingo 28, Marco Antonio Sol\u00eds. Mientras que el lunes 29 estar\u00e1 en el escenario Matisse y el martes 30 de abril Sebasti\u00e1n Yatra.&nbsp;<\/p>\n\n\n\n<p>El mi\u00e9rcoles 01 de mayo se presentar\u00e1n Cardenales e Invasores de Nuevo Le\u00f3n; el jueves 02, Paulina Rubio; el viernes 03, David Bisbal; el s\u00e1bado 04, La Arrolladora y domingo 05 estar\u00e1 Maluma.<\/p>\n\n\n\n<p>El lunes 06 de mayo pisar\u00e1 el escenario Santa Fe Klan; el martes 07, Alejandro Sanz; el mi\u00e9rcoles 08, \u00c1ngeles Azules; el jueves 09, James Hype &amp; Meduza Waster Castle; el viernes 10, Matute; s\u00e1bado 11, Kenia OS y, domingo 12 de mayo, Ha*Ash.<\/p>\n\n\n\n<p><strong>DISFRUTAR\u00c1N POBLANOS Y VISITANTES DE UN PALENQUE \u00daNICO<\/strong><\/p>\n\n\n\n<p>Por su parte el cartel del Palenque est\u00e1 integrado por Alfredo Olivas, jueves 25 de abril; Emmanuel y Mijares el viernes 26 de abril; Beli y Beto, la tarde del s\u00e1bado 27 de abril y por la noche Ed\u00e9n Mu\u00f1oz.<\/p>\n\n\n\n<p>El jueves 02 de mayo estar\u00e1 Juli\u00f3n \u00c1lvarez; el viernes 03 y s\u00e1bado 04, Alejandro Fern\u00e1ndez; Carlos Rivera el domingo 05 de mayo; Fuerza R\u00e9gida el mi\u00e9rcoles 08 de mayo; el jueves 09, Banda MS; el viernes 10, Gloria Trevi y s\u00e1bado 11 y domingo 12, Christian Nodal.<\/p>\n","protected":false},"excerpt":{"rendered":"<p>-En el Teatro del Pueblo se presentar\u00e1n Maluma, Enrique Iglesias, Alejandro Sanz, Paulina Rubio, Caifanes, David Bisbal y Marco Antonio Sol\u00eds -Mientras que en el Palenque estar\u00e1n Alejandro Fern\u00e1ndez, Gloria&hellip; <\/p>\n","protected":false},"author":1,"featured_media":3172,"comment_status":"closed","ping_status":"open","sticky":false,"template":"","format":"standard","meta":{"om_disable_all_campaigns":false,"_uag_custom_page_level_css":"","_monsterinsights_skip_tracking":false,"_monsterinsights_sitenote_active":false,"_monsterinsights_sitenote_note":"","_monsterinsights_sitenote_category":0,"_uf_show_specific_survey":0,"_uf_disable_surveys":false},"categories":[9,8],"tags":[],"aioseo_notices":[],"uagb_featured_image_src":{"full":["https:\/\/xpresspuebla.com\/wp-content\/uploads\/2024\/02\/GOB-SS-CP-091-2024-FERIA-DE-PUEBLA-2024-280224-4-1-scaled.jpg",2560,1822,false],"thumbnail":["https:\/\/xpresspuebla.com\/wp-content\/uploads\/2024\/02\/GOB-SS-CP-091-2024-FERIA-DE-PUEBLA-2024-280224-4-1-150x150.jpg",150,150,true],"medium":["https:\/\/xpresspuebla.com\/wp-content\/uploads\/2024\/02\/GOB-SS-CP-091-2024-FERIA-DE-PUEBLA-2024-280224-4-1-300x214.jpg",300,214,true],"medium_large":["https:\/\/xpresspuebla.com\/wp-content\/uploads\/2024\/02\/GOB-SS-CP-091-2024-FERIA-DE-PUEBLA-2024-280224-4-1-768x547.jpg",768,547,true],"large":["https:\/\/xpresspuebla.com\/wp-content\/uploads\/2024\/02\/GOB-SS-CP-091-2024-FERIA-DE-PUEBLA-2024-280224-4-1-1024x729.jpg",1024,729,true],"1536x1536":["https:\/\/xpresspuebla.com\/wp-content\/uploads\/2024\/02\/GOB-SS-CP-091-2024-FERIA-DE-PUEBLA-2024-280224-4-1-1536x1093.jpg",1536,1093,true],"2048x2048":["https:\/\/xpresspuebla.com\/wp-content\/uploads\/2024\/02\/GOB-SS-CP-091-2024-FERIA-DE-PUEBLA-2024-280224-4-1-2048x1458.jpg",2048,1458,true]},"uagb_author_info":{"display_name":"xpresspuebla.com","author_link":"https:\/\/xpresspuebla.com\/index.php\/author\/xpresspuebla-com\/"},"uagb_comment_info":0,"uagb_excerpt":"-En el Teatro del Pueblo se presentar\u00e1n Maluma, Enrique Iglesias, Alejandro Sanz, Paulina Rubio, Caifanes, David Bisbal y Marco Antonio Sol\u00eds -Mientras que en el Palenque estar\u00e1n Alejandro Fern\u00e1ndez, Gloria&hellip;","_links":{"self":[{"href":"https:\/\/xpresspuebla.com\/index.php\/wp-json\/wp\/v2\/posts\/3170"}],"collection":[{"href":"https:\/\/xpresspuebla.com\/index.php\/wp-json\/wp\/v2\/posts"}],"about":[{"href":"https:\/\/xpresspuebla.com\/index.php\/wp-json\/wp\/v2\/types\/post"}],"author":[{"embeddable":true,"href":"https:\/\/xpresspuebla.com\/index.php\/wp-json\/wp\/v2\/users\/1"}],"replies":[{"embeddable":true,"href":"https:\/\/xpresspuebla.com\/index.php\/wp-json\/wp\/v2\/comments?post=3170"}],"version-history":[{"count":1,"href":"https:\/\/xpresspuebla.com\/index.php\/wp-json\/wp\/v2\/posts\/3170\/revisions"}],"predecessor-version":[{"id":3173,"href":"https:\/\/xpresspuebla.com\/index.php\/wp-json\/wp\/v2\/posts\/3170\/revisions\/3173"}],"wp:featuredmedia":[{"embeddable":true,"href":"https:\/\/xpresspuebla.com\/index.php\/wp-json\/wp\/v2\/media\/3172"}],"wp:attachment":[{"href":"https:\/\/xpresspuebla.com\/index.php\/wp-json\/wp\/v2\/media?parent=3170"}],"wp:term":[{"taxonomy":"category","embeddable":true,"href":"https:\/\/xpresspuebla.com\/index.php\/wp-json\/wp\/v2\/categories?post=3170"},{"taxonomy":"post_tag","embeddable":true,"href":"https:\/\/xpresspuebla.com\/index.php\/wp-json\/wp\/v2\/tags?post=3170"}],"curies":[{"name":"wp","href":"https:\/\/api.w.org\/{rel}","templated":true}]}}