{"id":3287,"date":"2024-02-08T18:07:00","date_gmt":"2024-02-09T00:07:00","guid":{"rendered":"https:\/\/xpresspuebla.com\/?p=3287"},"modified":"2024-03-04T18:08:03","modified_gmt":"2024-03-05T00:08:03","slug":"presentan-en-la-biblioteca-central-universitaria-el-libro-el-covid-y-sus-cuates-de-la-rectora-maria-lilia-cedillo-ramirez","status":"publish","type":"post","link":"https:\/\/xpresspuebla.com\/index.php\/2024\/02\/08\/presentan-en-la-biblioteca-central-universitaria-el-libro-el-covid-y-sus-cuates-de-la-rectora-maria-lilia-cedillo-ramirez\/","title":{"rendered":"Presentan en la Biblioteca Central Universitaria el libro El COVID y sus cuates, de la Rectora Mar\u00eda Lilia Cedillo Ram\u00edrez"},"content":{"rendered":"\n<p>\u00b7&nbsp;&nbsp;&nbsp;&nbsp;&nbsp;&nbsp;&nbsp;&nbsp;&nbsp;<strong>Esta publicaci\u00f3n es un aporte para entender desde un lenguaje sencillo y dise\u00f1o novedoso la importancia y cuidados en torno al COVID-19<\/strong><\/p>\n\n\n\n<p>\u201cEn el tema del SARS-CoV-2, causante del COVID-19, no se ha escrito la \u00faltima palabra y todos podemos esperar cualquier cosa de este virus\u201d, afirm\u00f3 la doctora Mar\u00eda Lilia Cedillo Ram\u00edrez, Rectora de la BUAP, al presentar su libro&nbsp;<em>El COVID y sus cuates<\/em>, durante el ciclo de conferencias \u201cDe la Ciencia a tu biblioteca\u201d, organizado por el Centro de Investigaci\u00f3n en Ciencias Microbiol\u00f3gicas.<\/p>\n\n\n\n<p>En esta presentaci\u00f3n que tuvo lugar en la Biblioteca Central Universitaria acompa\u00f1aron a la Rectora de la BUAP los dise\u00f1adores del libro Daniel Arenas Balderas y Sebasti\u00e1n Eduardo Condado Picazo, as\u00ed como Alfredo Avenda\u00f1o Arenaza, director General de Bibliotecas, entre otros.<\/p>\n\n\n\n<p>Los participantes destacaron la importancia cient\u00edfica de esta publicaci\u00f3n para comprender el tema, a partir de un lenguaje sencillo que permite a todos entender aspectos especializados como la biotecnolog\u00eda, vacunolog\u00eda y el uso de herramientas moleculares y gen\u00e9ticas, relacionados con la aparici\u00f3n del COVID-19. Se resalt\u00f3 tambi\u00e9n el dise\u00f1o, las ilustraciones e infograf\u00edas que acompa\u00f1an a los textos y los hacen m\u00e1s atractivos visualmente.<\/p>\n","protected":false},"excerpt":{"rendered":"<p>\u00b7&nbsp;&nbsp;&nbsp;&nbsp;&nbsp;&nbsp;&nbsp;&nbsp;&nbsp;Esta publicaci\u00f3n es un aporte para entender desde un lenguaje sencillo y dise\u00f1o novedoso la importancia y cuidados en torno al COVID-19 \u201cEn el tema del SARS-CoV-2, causante del COVID-19,&hellip; <\/p>\n","protected":false},"author":1,"featured_media":3288,"comment_status":"closed","ping_status":"open","sticky":false,"template":"","format":"standard","meta":{"om_disable_all_campaigns":false,"_uag_custom_page_level_css":"","_monsterinsights_skip_tracking":false,"_monsterinsights_sitenote_active":false,"_monsterinsights_sitenote_note":"","_monsterinsights_sitenote_category":0,"_uf_show_specific_survey":0,"_uf_disable_surveys":false},"categories":[1],"tags":[],"aioseo_notices":[],"uagb_featured_image_src":{"full":["https:\/\/xpresspuebla.com\/wp-content\/uploads\/2024\/03\/A_Libro_36.jpeg",427,640,false],"thumbnail":["https:\/\/xpresspuebla.com\/wp-content\/uploads\/2024\/03\/A_Libro_36-150x150.jpeg",150,150,true],"medium":["https:\/\/xpresspuebla.com\/wp-content\/uploads\/2024\/03\/A_Libro_36-200x300.jpeg",200,300,true],"medium_large":["https:\/\/xpresspuebla.com\/wp-content\/uploads\/2024\/03\/A_Libro_36.jpeg",427,640,false],"large":["https:\/\/xpresspuebla.com\/wp-content\/uploads\/2024\/03\/A_Libro_36.jpeg",427,640,false],"1536x1536":["https:\/\/xpresspuebla.com\/wp-content\/uploads\/2024\/03\/A_Libro_36.jpeg",427,640,false],"2048x2048":["https:\/\/xpresspuebla.com\/wp-content\/uploads\/2024\/03\/A_Libro_36.jpeg",427,640,false]},"uagb_author_info":{"display_name":"xpresspuebla.com","author_link":"https:\/\/xpresspuebla.com\/index.php\/author\/xpresspuebla-com\/"},"uagb_comment_info":0,"uagb_excerpt":"\u00b7&nbsp;&nbsp;&nbsp;&nbsp;&nbsp;&nbsp;&nbsp;&nbsp;&nbsp;Esta publicaci\u00f3n es un aporte para entender desde un lenguaje sencillo y dise\u00f1o novedoso la importancia y cuidados en torno al COVID-19 \u201cEn el tema del SARS-CoV-2, causante del COVID-19,&hellip;","_links":{"self":[{"href":"https:\/\/xpresspuebla.com\/index.php\/wp-json\/wp\/v2\/posts\/3287"}],"collection":[{"href":"https:\/\/xpresspuebla.com\/index.php\/wp-json\/wp\/v2\/posts"}],"about":[{"href":"https:\/\/xpresspuebla.com\/index.php\/wp-json\/wp\/v2\/types\/post"}],"author":[{"embeddable":true,"href":"https:\/\/xpresspuebla.com\/index.php\/wp-json\/wp\/v2\/users\/1"}],"replies":[{"embeddable":true,"href":"https:\/\/xpresspuebla.com\/index.php\/wp-json\/wp\/v2\/comments?post=3287"}],"version-history":[{"count":1,"href":"https:\/\/xpresspuebla.com\/index.php\/wp-json\/wp\/v2\/posts\/3287\/revisions"}],"predecessor-version":[{"id":3289,"href":"https:\/\/xpresspuebla.com\/index.php\/wp-json\/wp\/v2\/posts\/3287\/revisions\/3289"}],"wp:featuredmedia":[{"embeddable":true,"href":"https:\/\/xpresspuebla.com\/index.php\/wp-json\/wp\/v2\/media\/3288"}],"wp:attachment":[{"href":"https:\/\/xpresspuebla.com\/index.php\/wp-json\/wp\/v2\/media?parent=3287"}],"wp:term":[{"taxonomy":"category","embeddable":true,"href":"https:\/\/xpresspuebla.com\/index.php\/wp-json\/wp\/v2\/categories?post=3287"},{"taxonomy":"post_tag","embeddable":true,"href":"https:\/\/xpresspuebla.com\/index.php\/wp-json\/wp\/v2\/tags?post=3287"}],"curies":[{"name":"wp","href":"https:\/\/api.w.org\/{rel}","templated":true}]}}