{"id":3480,"date":"2024-02-25T00:27:31","date_gmt":"2024-02-25T06:27:31","guid":{"rendered":"https:\/\/xpresspuebla.com\/?p=3480"},"modified":"2024-04-09T00:28:15","modified_gmt":"2024-04-09T06:28:15","slug":"se-suman-tres-academicos-buap-a-la-lista-de-los-investigadores-nacional-emerito-del-conahcyt","status":"publish","type":"post","link":"https:\/\/xpresspuebla.com\/index.php\/2024\/02\/25\/se-suman-tres-academicos-buap-a-la-lista-de-los-investigadores-nacional-emerito-del-conahcyt\/","title":{"rendered":"Se suman tres acad\u00e9micos BUAP a la lista de los Investigadores Nacional Em\u00e9rito del Conahcyt"},"content":{"rendered":"\n<ul>\n<li><strong>Alejandro Palma Almendra y Jos\u00e9 Luis Carrillo Estrada, del Instituto de F\u00edsica, y Mario Miguel Carrillo Huerta, del Instituto de Ciencias de Gobierno y Desarrollo Estrat\u00e9gico<\/strong><\/li>\n<\/ul>\n\n\n\n<p>Con una trayectoria sobresaliente y contribuciones al conocimiento cient\u00edfico, human\u00edstico y tecnol\u00f3gico, los Investigadores Nacional Em\u00e9rito del Conahcyt brindan un prestigio a la instituci\u00f3n que los alberga. En la BUAP suman 15 los acad\u00e9micos con \u00e9sta que es la m\u00e1xima distinci\u00f3n, con los tres nombramientos de este a\u00f1o: Alejandro Palma Almendra y Jos\u00e9 Luis Carrillo Estrada, del Instituto de F\u00edsica (IFUAP), y Mario Miguel Carrillo Huerta, del Instituto de Ciencias de Gobierno y Desarrollo Estrat\u00e9gico (ICGDE).<\/p>\n\n\n\n<p>Su trabajo implica la formaci\u00f3n de nuevas generaciones de investigadores e investigadoras, tambi\u00e9n con carreras cient\u00edficas destacadas. El impacto social y tecnol\u00f3gico de su obra, las citas o referencias a su trabajo y su participaci\u00f3n en conferencias magistrales y reuniones internacionales en su especialidad, son otros de los factores que influyen en este nombramiento.<\/p>\n\n\n\n<p><strong>La F\u00edsica molecular y su impacto en diferentes disciplinas<\/strong><\/p>\n\n\n\n<p>El doctor Alejandro Palma Almendra estudi\u00f3 la Licenciatura en F\u00edsica y Matem\u00e1ticas en el Instituto Polit\u00e9cnico Nacional (IPN) y fue el primer acad\u00e9mico de la BUAP en ascender al nivel III del Sistema Nacional de Investigadores (SNI).&nbsp; Con m\u00e1s de 50 a\u00f1os de trayectoria, sus investigaciones le han valido m\u00faltiples reconocimientos. En 1999, el Ayuntamiento de Puebla le otorg\u00f3 el Diploma C\u00e9dula Real de la Fundaci\u00f3n de Puebla y la BUAP lo distingui\u00f3 en 2015 con la Medalla al Desempe\u00f1o y Trayectoria Docente.<\/p>\n\n\n\n<p>F\u00edsico de formaci\u00f3n, ha encontrado en las Matem\u00e1ticas una herramienta para desarrollar formulaciones te\u00f3ricas sobre el llamado principio de Franck-Condon, espectroscopia y qu\u00edmica cu\u00e1ntica, la cual explica la intensidad de las transiciones vibr\u00f3nicas. En su opini\u00f3n, la F\u00edsica molecular es la madre de muchos campos de la ciencia y la tecnolog\u00eda. Los \u00faltimos avances se discuten a nivel molecular, en \u00e1reas como la Biolog\u00eda, la medicina y la gen\u00e9tica moleculares.<\/p>\n\n\n\n<p>Fue justo en la F\u00edsica molecular donde continu\u00f3 su carrera con el estudio del &#8220;principio de Franck-Condon&#8221;, an\u00e1lisis que deriv\u00f3 en numerosos trabajos con enfoque matem\u00e1tico, publicados en revistas especializadas de circulaci\u00f3n internacional. De ah\u00ed incursion\u00f3 en &#8220;las \u00e1lgebras de Lie&#8221;, una matem\u00e1tica m\u00e1s abstracta. Los conceptos te\u00f3ricos que engloban estas propuestas, adem\u00e1s de explicar lo que sucede a escalas nanosc\u00f3picas, hacen posible la miniaturizaci\u00f3n de las cosas.<\/p>\n\n\n\n<p>El doctorado lo estudi\u00f3 en la Universidad de Uppsala, Suecia. En aquellos a\u00f1os, una oportunidad s\u00f3lo para quien demostraba tener competencias id\u00f3neas para la investigaci\u00f3n. La c\u00e9lula de investigadores donde realiz\u00f3 su doctorado se llamaba Grupo de Qu\u00edmica Cu\u00e1ntica, la cual trata cuestiones de la escala molecular, pero tambi\u00e9n del estado s\u00f3lido, F\u00edsica at\u00f3mica y Matem\u00e1ticas.<\/p>\n\n\n\n<p>Su trayectoria profesional inici\u00f3 en el IPN, continu\u00f3 en los institutos Mexicano del Petr\u00f3leo y Nacional de Astrof\u00edsica, \u00d3ptica y Electr\u00f3nica (INAOE), y se coron\u00f3 en la BUAP, donde ha laborado desde 1987.<\/p>\n\n\n\n<p>&nbsp;<strong>Estudiar la naturaleza a distintas escalas<\/strong><\/p>\n\n\n\n<p>Con 50 a\u00f1os de trayectoria acad\u00e9mica, el doctor Jos\u00e9 Luis Carrillo Estrada es un f\u00edsico te\u00f3rico adscrito al Instituto de F\u00edsica \u201cLuis Rivera Terrazas\u201d. Su l\u00ednea de investigaci\u00f3n es la Mec\u00e1nica Estad\u00edstica de Sistemas Complejos, un \u00e1rea que estudia la naturaleza a distintas escalas, desde lo micro hasta lo macrosc\u00f3pico, a trav\u00e9s de teor\u00edas, aproximaciones y modelos sobre c\u00f3mo est\u00e1 constituida la materia y c\u00f3mo es la interacci\u00f3n entre sus componentes: un enfoque para entender, predecir y explicar los fen\u00f3menos de la naturaleza.<\/p>\n\n\n\n<p>Las aplicaciones de su trabajo son novedosas, como el estudio de los aspectos din\u00e1micos de la morfog\u00e9nesis para el an\u00e1lisis y desarrollo de procedimientos para diagnosticar c\u00e1ncer, o la aplicaci\u00f3n de t\u00e9cnicas f\u00edsicas en el estudio de materiales magn\u00e9ticos y en la estabilidad de sistemas ecol\u00f3gicos, por ejemplo.<\/p>\n\n\n\n<p>Jos\u00e9 Luis Carrillo Estrada es doctor en Ciencias (F\u00edsica) por la UNAM, aunque parte de su tesis doctoral la desarroll\u00f3 en el&nbsp;<em>International Centre for Theoretical Physics<\/em>, en Trieste, Italia; realiz\u00f3 un a\u00f1o sab\u00e1tico y estancia posdoctoral en el Laboratorio Nacional de Ames, en Iowa, Estados Unidos. Posteriormente, otro sab\u00e1tico en la Universidad de Barcelona, en Espa\u00f1a. Ha sido investigador visitante en diversas universidades e institutos del mundo.<\/p>\n\n\n\n<p>A la BUAP ingres\u00f3 en 1973 como profesor hora clase de preparatoria cuando cursaba el tercer semestre de la Licenciatura en F\u00edsica. En 1984 se convirti\u00f3 en investigador titular del IFUAP y desde entonces lleva d\u00e9cadas formando recursos humanos, destacando que bajo su tutela se gradu\u00f3 la primera mujer en la BUAP y en el estado como doctora en F\u00edsica.<\/p>\n\n\n\n<p>Ha recibido diversos reconocimientos: el Premio Estatal de F\u00edsica en dos ocasiones (1984 y 1987), y el Premio Estatal de Ciencia y Tecnolog\u00eda en 2004. Cuenta con m\u00e1s de una centena de art\u00edculos cient\u00edficos publicados, tres de \u00e9stos en&nbsp;<em>Nature Scientific Reports<\/em>, una de las revistas del&nbsp;<em>Nature Publishing Group<\/em>, el grupo editorial de mayor prestigio global en ciencia.<\/p>\n\n\n\n<p>Adem\u00e1s, ha participado en proyectos que han marcado transformaciones en la BUAP y ha formado parte de comisiones dictaminadoras de Conahcyt, ANUIES, SEP y la Academia Mexicana de Ciencias. Su carrera como cient\u00edfico es vasta y con un impacto relevante en la formaci\u00f3n de varias generaciones de cient\u00edficos.<\/p>\n\n\n\n<p><strong>El trato social, proporcional a la educaci\u00f3n<\/strong><\/p>\n\n\n\n<p>El nombramiento de Investigador Nacional Em\u00e9rito fue otorgado tambi\u00e9n al doctor Mario Miguel Carrillo Huerta, del ICGDE, para quien un individuo puede esforzarse, dedicarse, intentar ser erudito, pero sin el apoyo de los dem\u00e1s es muy dif\u00edcil que avance; por eso el trato social es tan importante, en la misma proporci\u00f3n que la educaci\u00f3n.<\/p>\n\n\n\n<p>\u201cLa educaci\u00f3n para m\u00ed es la puerta a la libertad, mientras m\u00e1s educaci\u00f3n tiene uno m\u00e1s posibilidades de interpretar, conocer, entender la realidad y por lo tanto ser una mejor persona. Siempre he tratado de mejorar en t\u00e9rminos de conocimiento y para eso es la investigaci\u00f3n, pero no para m\u00ed, sino para transmitirlo en la medida de lo posible, para tratar de regresarle a la sociedad todo lo que ella me ha dado\u201d.<\/p>\n\n\n\n<p>Ha destacado como profesor, as\u00ed como fundador de instituciones de educaci\u00f3n superior, tambi\u00e9n como legislador federal y funcionario p\u00fablico. Su formaci\u00f3n acad\u00e9mica inici\u00f3 en 1965 cuando ingres\u00f3 a la Facultad de Econom\u00eda, de la Universidad Aut\u00f3noma de Guadalajara; m\u00e1s tarde, en la especialidad en Econom\u00eda en la Universidad de Colorado, Estados Unidos; otras dos maestr\u00edas en Econom\u00eda en la Universidad de Missouri, Kansas City, y otra en la&nbsp;<em>Vandervilt University<\/em>, donde tambi\u00e9n obtuvo el grado de doctor en Econom\u00eda.<\/p>\n\n\n\n<p>Entre 1974 y 1987 se destac\u00f3 por su extensa producci\u00f3n acad\u00e9mica relacionada con el desarrollo regional, incluso fund\u00f3 el primer programa de maestr\u00eda en Desarrollo Regional en M\u00e9xico, pionero en Am\u00e9rica Latina y el Caribe, en la Universidad Veracruzana.<\/p>\n\n\n\n<p>Para finales de la d\u00e9cada de los 80 combin\u00f3 su actividad cient\u00edfica con el servicio p\u00fablico: fungi\u00f3 como director General de Gobierno en el entonces Departamento del Distrito Federal; secretario de Educaci\u00f3n del Gobierno del Distrito Federal; y entre 2012 y 2015 diputado federal en la LXII Legislatura, entre otros cargos.<\/p>\n\n\n\n<p>En su trayectoria acad\u00e9mica destaca la publicaci\u00f3n de 100 art\u00edculos en revistas indizadas y arbitradas, 140 cap\u00edtulos de libros, su participaci\u00f3n como autor, coautor y coordinador de 85 libros y 55 proyectos de investigaci\u00f3n.<\/p>\n\n\n\n<p>El profesor investigador del Centro de Estudios de Desarrollo Estrat\u00e9gico (CEDEST) del ICGDE, miembro del Cuerpo Acad\u00e9mico \u201cConsolidado 295, Gesti\u00f3n y Desarrollo\u201d y de grupos externos como&nbsp;<em>Association for Global Business<\/em>, ha dictado m\u00e1s de 150 ponencias en M\u00e9xico y el extranjero, e impartido m\u00e1s de 250 cursos a estudiantes de licenciatura, maestr\u00eda y doctorado.<\/p>\n\n\n\n<p>Ha recibido diversos reconocimientos y distinciones. Sus l\u00edneas de investigaci\u00f3n son Desarrollo Regional Sostenible, Evaluaci\u00f3n de Pol\u00edticas P\u00fablicas, y Capital Social y Desarrollo.<\/p>\n","protected":false},"excerpt":{"rendered":"<p>Con una trayectoria sobresaliente y contribuciones al conocimiento cient\u00edfico, human\u00edstico y tecnol\u00f3gico, los Investigadores Nacional Em\u00e9rito del Conahcyt brindan un prestigio a la instituci\u00f3n que los alberga. En la BUAP&hellip; <\/p>\n","protected":false},"author":1,"featured_media":3481,"comment_status":"closed","ping_status":"open","sticky":false,"template":"","format":"standard","meta":{"om_disable_all_campaigns":false,"_uag_custom_page_level_css":"","_monsterinsights_skip_tracking":false,"_monsterinsights_sitenote_active":false,"_monsterinsights_sitenote_note":"","_monsterinsights_sitenote_category":0,"_uf_show_specific_survey":0,"_uf_disable_surveys":false},"categories":[1],"tags":[],"aioseo_notices":[],"uagb_featured_image_src":{"full":["https:\/\/xpresspuebla.com\/wp-content\/uploads\/2024\/04\/A_ProfEmeritos.jpeg",640,427,false],"thumbnail":["https:\/\/xpresspuebla.com\/wp-content\/uploads\/2024\/04\/A_ProfEmeritos-150x150.jpeg",150,150,true],"medium":["https:\/\/xpresspuebla.com\/wp-content\/uploads\/2024\/04\/A_ProfEmeritos-300x200.jpeg",300,200,true],"medium_large":["https:\/\/xpresspuebla.com\/wp-content\/uploads\/2024\/04\/A_ProfEmeritos.jpeg",640,427,false],"large":["https:\/\/xpresspuebla.com\/wp-content\/uploads\/2024\/04\/A_ProfEmeritos.jpeg",640,427,false],"1536x1536":["https:\/\/xpresspuebla.com\/wp-content\/uploads\/2024\/04\/A_ProfEmeritos.jpeg",640,427,false],"2048x2048":["https:\/\/xpresspuebla.com\/wp-content\/uploads\/2024\/04\/A_ProfEmeritos.jpeg",640,427,false]},"uagb_author_info":{"display_name":"xpresspuebla.com","author_link":"https:\/\/xpresspuebla.com\/index.php\/author\/xpresspuebla-com\/"},"uagb_comment_info":0,"uagb_excerpt":"Con una trayectoria sobresaliente y contribuciones al conocimiento cient\u00edfico, human\u00edstico y tecnol\u00f3gico, los Investigadores Nacional Em\u00e9rito del Conahcyt brindan un prestigio a la instituci\u00f3n que los alberga. En la BUAP&hellip;","_links":{"self":[{"href":"https:\/\/xpresspuebla.com\/index.php\/wp-json\/wp\/v2\/posts\/3480"}],"collection":[{"href":"https:\/\/xpresspuebla.com\/index.php\/wp-json\/wp\/v2\/posts"}],"about":[{"href":"https:\/\/xpresspuebla.com\/index.php\/wp-json\/wp\/v2\/types\/post"}],"author":[{"embeddable":true,"href":"https:\/\/xpresspuebla.com\/index.php\/wp-json\/wp\/v2\/users\/1"}],"replies":[{"embeddable":true,"href":"https:\/\/xpresspuebla.com\/index.php\/wp-json\/wp\/v2\/comments?post=3480"}],"version-history":[{"count":1,"href":"https:\/\/xpresspuebla.com\/index.php\/wp-json\/wp\/v2\/posts\/3480\/revisions"}],"predecessor-version":[{"id":3482,"href":"https:\/\/xpresspuebla.com\/index.php\/wp-json\/wp\/v2\/posts\/3480\/revisions\/3482"}],"wp:featuredmedia":[{"embeddable":true,"href":"https:\/\/xpresspuebla.com\/index.php\/wp-json\/wp\/v2\/media\/3481"}],"wp:attachment":[{"href":"https:\/\/xpresspuebla.com\/index.php\/wp-json\/wp\/v2\/media?parent=3480"}],"wp:term":[{"taxonomy":"category","embeddable":true,"href":"https:\/\/xpresspuebla.com\/index.php\/wp-json\/wp\/v2\/categories?post=3480"},{"taxonomy":"post_tag","embeddable":true,"href":"https:\/\/xpresspuebla.com\/index.php\/wp-json\/wp\/v2\/tags?post=3480"}],"curies":[{"name":"wp","href":"https:\/\/api.w.org\/{rel}","templated":true}]}}