{"id":3610,"date":"2024-04-22T10:38:56","date_gmt":"2024-04-22T16:38:56","guid":{"rendered":"https:\/\/xpresspuebla.com\/?p=3610"},"modified":"2024-05-02T10:40:49","modified_gmt":"2024-05-02T16:40:49","slug":"programas-educativos-en-cu2","status":"publish","type":"post","link":"https:\/\/xpresspuebla.com\/index.php\/2024\/04\/22\/programas-educativos-en-cu2\/","title":{"rendered":"Programas educativos en CU2"},"content":{"rendered":"\n<p>El proceso de inscripci\u00f3n para el ingreso a clases en el mes de agosto 2024 o en enero 2024 se realizar\u00e1 \u00fanicamente en los meses de julio y agosto.<\/p>\n\n\n\n<p>Para conocer mayor informaci\u00f3n click al siguiente enlace:\u00a0<a href=\"http:\/\/www.autoservicios.buap.mx\/\" target=\"_blank\" rel=\"noreferrer noopener\">www.autoservicios.buap.mx<\/a><\/p>\n","protected":false},"excerpt":{"rendered":"<p>El proceso de inscripci\u00f3n para el ingreso a clases en el mes de agosto 2024 o en enero 2024 se realizar\u00e1 \u00fanicamente en los meses de julio y agosto. Para&hellip; <\/p>\n","protected":false},"author":1,"featured_media":3604,"comment_status":"closed","ping_status":"open","sticky":false,"template":"","format":"standard","meta":{"om_disable_all_campaigns":false,"_uag_custom_page_level_css":"","_monsterinsights_skip_tracking":false,"_monsterinsights_sitenote_active":false,"_monsterinsights_sitenote_note":"","_monsterinsights_sitenote_category":0,"_uf_show_specific_survey":0,"_uf_disable_surveys":false},"categories":[1],"tags":[],"aioseo_notices":[],"uagb_featured_image_src":{"full":["https:\/\/xpresspuebla.com\/wp-content\/uploads\/2024\/05\/cu2-amplio-01-01.png",834,834,false],"thumbnail":["https:\/\/xpresspuebla.com\/wp-content\/uploads\/2024\/05\/cu2-amplio-01-01-150x150.png",150,150,true],"medium":["https:\/\/xpresspuebla.com\/wp-content\/uploads\/2024\/05\/cu2-amplio-01-01-300x300.png",300,300,true],"medium_large":["https:\/\/xpresspuebla.com\/wp-content\/uploads\/2024\/05\/cu2-amplio-01-01-768x768.png",768,768,true],"large":["https:\/\/xpresspuebla.com\/wp-content\/uploads\/2024\/05\/cu2-amplio-01-01.png",834,834,false],"1536x1536":["https:\/\/xpresspuebla.com\/wp-content\/uploads\/2024\/05\/cu2-amplio-01-01.png",834,834,false],"2048x2048":["https:\/\/xpresspuebla.com\/wp-content\/uploads\/2024\/05\/cu2-amplio-01-01.png",834,834,false]},"uagb_author_info":{"display_name":"xpresspuebla.com","author_link":"https:\/\/xpresspuebla.com\/index.php\/author\/xpresspuebla-com\/"},"uagb_comment_info":0,"uagb_excerpt":"El proceso de inscripci\u00f3n para el ingreso a clases en el mes de agosto 2024 o en enero 2024 se realizar\u00e1 \u00fanicamente en los meses de julio y agosto. Para&hellip;","_links":{"self":[{"href":"https:\/\/xpresspuebla.com\/index.php\/wp-json\/wp\/v2\/posts\/3610"}],"collection":[{"href":"https:\/\/xpresspuebla.com\/index.php\/wp-json\/wp\/v2\/posts"}],"about":[{"href":"https:\/\/xpresspuebla.com\/index.php\/wp-json\/wp\/v2\/types\/post"}],"author":[{"embeddable":true,"href":"https:\/\/xpresspuebla.com\/index.php\/wp-json\/wp\/v2\/users\/1"}],"replies":[{"embeddable":true,"href":"https:\/\/xpresspuebla.com\/index.php\/wp-json\/wp\/v2\/comments?post=3610"}],"version-history":[{"count":1,"href":"https:\/\/xpresspuebla.com\/index.php\/wp-json\/wp\/v2\/posts\/3610\/revisions"}],"predecessor-version":[{"id":3611,"href":"https:\/\/xpresspuebla.com\/index.php\/wp-json\/wp\/v2\/posts\/3610\/revisions\/3611"}],"wp:featuredmedia":[{"embeddable":true,"href":"https:\/\/xpresspuebla.com\/index.php\/wp-json\/wp\/v2\/media\/3604"}],"wp:attachment":[{"href":"https:\/\/xpresspuebla.com\/index.php\/wp-json\/wp\/v2\/media?parent=3610"}],"wp:term":[{"taxonomy":"category","embeddable":true,"href":"https:\/\/xpresspuebla.com\/index.php\/wp-json\/wp\/v2\/categories?post=3610"},{"taxonomy":"post_tag","embeddable":true,"href":"https:\/\/xpresspuebla.com\/index.php\/wp-json\/wp\/v2\/tags?post=3610"}],"curies":[{"name":"wp","href":"https:\/\/api.w.org\/{rel}","templated":true}]}}