{"id":3672,"date":"2024-04-22T12:21:05","date_gmt":"2024-04-22T18:21:05","guid":{"rendered":"https:\/\/xpresspuebla.com\/?p=3672"},"modified":"2024-05-02T12:21:39","modified_gmt":"2024-05-02T18:21:39","slug":"el-candidato-al-gobierno-del-estado-por-la-coalicion-sigamos-haciendo-historia-presenta-su-plan-de-trabajo-ante-el-h-consejo-universitario","status":"publish","type":"post","link":"https:\/\/xpresspuebla.com\/index.php\/2024\/04\/22\/el-candidato-al-gobierno-del-estado-por-la-coalicion-sigamos-haciendo-historia-presenta-su-plan-de-trabajo-ante-el-h-consejo-universitario\/","title":{"rendered":"El candidato al gobierno del estado por la coalici\u00f3n Sigamos Haciendo Historia presenta su plan de trabajo ante el H. Consejo Universitario"},"content":{"rendered":"\n<ul>\n<li><strong>La Rectora Mar\u00eda Lilia Cedillo Ram\u00edrez reconoce en \u00e9l a un egresado vinculado a la BUAP<\/strong><\/li>\n<\/ul>\n\n\n\n<p>Al exponer ante el Consejo Universitario su plan de trabajo, basado en los ejes de justicia, seguridad y riqueza comunitaria, el candidato al gobierno del estado de Puebla por la coalici\u00f3n Sigamos Haciendo Historia (Morena-PT-PVEM-Nueva Alianza-FxM), Alejandro Armenta Mier, se pronunci\u00f3 por apoyar a la BUAP para continuar con el impulso educativo a trav\u00e9s de Ciudad Universitaria 2 (CU2), as\u00ed como establecer un gobierno que vincule sus pol\u00edticas y programas con la ciencia y el desarrollo tecnol\u00f3gico que se genera en la M\u00e1xima Casa de Estudios en Puebla.<\/p>\n\n\n\n<p>Al recibir al primero de tres aspirantes al gobierno estatal, en el Sal\u00f3n Barroco del Edificio Carolino, la Rectora Mar\u00eda Lilia Cedillo Ram\u00edrez refiri\u00f3 que el candidato de Sigamos Haciendo Historia siempre ha mantenido contacto con la BUAP, desde sus diferentes funciones en el \u00e1mbito p\u00fablico, lo que le facilita comprender el esfuerzo que diariamente hace la universidad para cambiar la vida de muchos j\u00f3venes.<\/p>\n\n\n\n<p>Durante su presentaci\u00f3n ante el M\u00e1ximo \u00d3rgano de Gobierno de la BUAP, Armenta Mier resalt\u00f3 que su propuesta de gobierno es resultado de su formaci\u00f3n profesional y de los 34 a\u00f1os de experiencia en los recorridos realizados por el estado. Reconoci\u00f3 que el deporte y la cultura que la BUAP le brind\u00f3 le han servido para valorar la importancia de la disciplina y el amor por su estado.<\/p>\n\n\n\n<p>Destac\u00f3 el crecimiento de la BUAP y celebr\u00f3 la gesti\u00f3n de la Rectora Mar\u00eda Lilia Cedillo para la construcci\u00f3n de CU 2, la cual recibir\u00e1 todo su apoyo. En el cuidado al medio ambiente, dijo que promover\u00e1 pol\u00edticas verdes, adem\u00e1s de invertir en soluciones que impliquen ahorro de energ\u00eda, como celdas solares desarrolladas en la BUAP.<\/p>\n\n\n\n<p>Oriundo de Iz\u00facar de Matamoros, Alejandro Armenta es egresado de la BUAP, donde curs\u00f3 la Licenciatura en Administraci\u00f3n P\u00fablica; actualmente estudia el doctorado en Administraci\u00f3n P\u00fablica. Entre los cargos que ha desempe\u00f1ado destacan senador de la Rep\u00fablica y el primer poblano en presidir la Comisi\u00f3n de Hacienda y Cr\u00e9dito P\u00fablico; diputado federal por el distrito VII, Tepeaca, de 2015 a 2018; y director del Registro Nacional de Poblaci\u00f3n de la Secretar\u00eda de Gobernaci\u00f3n federal, de 2013 a 2015.<\/p>\n","protected":false},"excerpt":{"rendered":"<p>Al exponer ante el Consejo Universitario su plan de trabajo, basado en los ejes de justicia, seguridad y riqueza comunitaria, el candidato al gobierno del estado de Puebla por la&hellip; <\/p>\n","protected":false},"author":1,"featured_media":3673,"comment_status":"closed","ping_status":"open","sticky":false,"template":"","format":"standard","meta":{"om_disable_all_campaigns":false,"_uag_custom_page_level_css":"","_monsterinsights_skip_tracking":false,"_monsterinsights_sitenote_active":false,"_monsterinsights_sitenote_note":"","_monsterinsights_sitenote_category":0,"_uf_show_specific_survey":0,"_uf_disable_surveys":false},"categories":[1],"tags":[],"aioseo_notices":[],"uagb_featured_image_src":{"full":["https:\/\/xpresspuebla.com\/wp-content\/uploads\/2024\/05\/A_CandidatoMorena.jpg",640,427,false],"thumbnail":["https:\/\/xpresspuebla.com\/wp-content\/uploads\/2024\/05\/A_CandidatoMorena-150x150.jpg",150,150,true],"medium":["https:\/\/xpresspuebla.com\/wp-content\/uploads\/2024\/05\/A_CandidatoMorena-300x200.jpg",300,200,true],"medium_large":["https:\/\/xpresspuebla.com\/wp-content\/uploads\/2024\/05\/A_CandidatoMorena.jpg",640,427,false],"large":["https:\/\/xpresspuebla.com\/wp-content\/uploads\/2024\/05\/A_CandidatoMorena.jpg",640,427,false],"1536x1536":["https:\/\/xpresspuebla.com\/wp-content\/uploads\/2024\/05\/A_CandidatoMorena.jpg",640,427,false],"2048x2048":["https:\/\/xpresspuebla.com\/wp-content\/uploads\/2024\/05\/A_CandidatoMorena.jpg",640,427,false]},"uagb_author_info":{"display_name":"xpresspuebla.com","author_link":"https:\/\/xpresspuebla.com\/index.php\/author\/xpresspuebla-com\/"},"uagb_comment_info":0,"uagb_excerpt":"Al exponer ante el Consejo Universitario su plan de trabajo, basado en los ejes de justicia, seguridad y riqueza comunitaria, el candidato al gobierno del estado de Puebla por la&hellip;","_links":{"self":[{"href":"https:\/\/xpresspuebla.com\/index.php\/wp-json\/wp\/v2\/posts\/3672"}],"collection":[{"href":"https:\/\/xpresspuebla.com\/index.php\/wp-json\/wp\/v2\/posts"}],"about":[{"href":"https:\/\/xpresspuebla.com\/index.php\/wp-json\/wp\/v2\/types\/post"}],"author":[{"embeddable":true,"href":"https:\/\/xpresspuebla.com\/index.php\/wp-json\/wp\/v2\/users\/1"}],"replies":[{"embeddable":true,"href":"https:\/\/xpresspuebla.com\/index.php\/wp-json\/wp\/v2\/comments?post=3672"}],"version-history":[{"count":1,"href":"https:\/\/xpresspuebla.com\/index.php\/wp-json\/wp\/v2\/posts\/3672\/revisions"}],"predecessor-version":[{"id":3674,"href":"https:\/\/xpresspuebla.com\/index.php\/wp-json\/wp\/v2\/posts\/3672\/revisions\/3674"}],"wp:featuredmedia":[{"embeddable":true,"href":"https:\/\/xpresspuebla.com\/index.php\/wp-json\/wp\/v2\/media\/3673"}],"wp:attachment":[{"href":"https:\/\/xpresspuebla.com\/index.php\/wp-json\/wp\/v2\/media?parent=3672"}],"wp:term":[{"taxonomy":"category","embeddable":true,"href":"https:\/\/xpresspuebla.com\/index.php\/wp-json\/wp\/v2\/categories?post=3672"},{"taxonomy":"post_tag","embeddable":true,"href":"https:\/\/xpresspuebla.com\/index.php\/wp-json\/wp\/v2\/tags?post=3672"}],"curies":[{"name":"wp","href":"https:\/\/api.w.org\/{rel}","templated":true}]}}