{"id":3675,"date":"2024-04-22T12:22:24","date_gmt":"2024-04-22T18:22:24","guid":{"rendered":"https:\/\/xpresspuebla.com\/?p=3675"},"modified":"2024-05-02T12:23:21","modified_gmt":"2024-05-02T18:23:21","slug":"en-tardes-de-patrimonio-historico-universitario-espacio-catorce-abre-sus-puertas-al-publico","status":"publish","type":"post","link":"https:\/\/xpresspuebla.com\/index.php\/2024\/04\/22\/en-tardes-de-patrimonio-historico-universitario-espacio-catorce-abre-sus-puertas-al-publico\/","title":{"rendered":"En Tardes de patrimonio hist\u00f3rico universitario, Espacio Catorce abre sus puertas al p\u00fablico"},"content":{"rendered":"\n<ul>\n<li>&nbsp;&nbsp;&nbsp;<strong>La cita es el 26 de abril, en 2 Norte 1404, Centro Hist\u00f3rico<\/strong><\/li>\n<\/ul>\n\n\n\n<p>A trav\u00e9s del programa De par en par: Tardes de patrimonio hist\u00f3rico universitario, Espacio Catorce -ubicado en 2 Norte 1404, Centro Hist\u00f3rico- abrir\u00e1 sus puertas al p\u00fablico en general, interesado en conocer aspectos hist\u00f3ricos y arquitect\u00f3nicos de este inmueble del siglo XIX, de estilo neoclasicista.<\/p>\n\n\n\n<p>Esta casa fue adquirida por la BUAP en 2002; sus instalaciones hoy albergan a la Direcci\u00f3n General de Publicaciones, adem\u00e1s de alojar en sus espacios diversos talleres art\u00edsticos organizados por la Vicerrector\u00eda de Extensi\u00f3n y Difusi\u00f3n de la Cultura (VEDC).<\/p>\n\n\n\n<p>La fachada de esta casa decimon\u00f3nica es sencilla. De acuerdo con la ficha t\u00e9cnica de la VEDC, \u201cel sistema de terminaciones ornamentales del piso superior presenta la alternancia entre molduras y frisos que delimitan el lienzo hasta la aparici\u00f3n de los frontones cerrados; estos sirven para enmarcar las cinco ventanas superiores, sostenidas por m\u00e9nsulas aparentes de tipo j\u00f3nico. Su remate hace continuidad y cierra las jambas de los balcones manufacturados de mamposter\u00eda\u201d.<\/p>\n\n\n\n<p>El interior del edificio resulta de gran inter\u00e9s, debido a la combinaci\u00f3n de soluciones arquitect\u00f3nicas, propias de un periodo de transici\u00f3n hist\u00f3rica y est\u00e9tica.<\/p>\n\n\n\n<p>El viernes 26 de abril, de 17:00 a 20:00 horas, el inmueble abrir\u00e1 sus puertas al p\u00fablico en general de manera gratuita. Durante el recorrido de sus instalaciones se brindar\u00e1n datos hist\u00f3ricos y arquitect\u00f3nicos de la casa, mediante la proyecci\u00f3n de c\u00e1psulas informativas. Adem\u00e1s, se obsequiar\u00e1n folletos informativos y botones coleccionables a las 200 primeras personas en ingresar.<\/p>\n","protected":false},"excerpt":{"rendered":"<p>A trav\u00e9s del programa De par en par: Tardes de patrimonio hist\u00f3rico universitario, Espacio Catorce -ubicado en 2 Norte 1404, Centro Hist\u00f3rico- abrir\u00e1 sus puertas al p\u00fablico en general, interesado&hellip; <\/p>\n","protected":false},"author":1,"featured_media":3676,"comment_status":"closed","ping_status":"open","sticky":false,"template":"","format":"standard","meta":{"om_disable_all_campaigns":false,"_uag_custom_page_level_css":"","_monsterinsights_skip_tracking":false,"_monsterinsights_sitenote_active":false,"_monsterinsights_sitenote_note":"","_monsterinsights_sitenote_category":0,"_uf_show_specific_survey":0,"_uf_disable_surveys":false},"categories":[1],"tags":[],"aioseo_notices":[],"uagb_featured_image_src":{"full":["https:\/\/xpresspuebla.com\/wp-content\/uploads\/2024\/05\/A_Espacio14.jpg",640,427,false],"thumbnail":["https:\/\/xpresspuebla.com\/wp-content\/uploads\/2024\/05\/A_Espacio14-150x150.jpg",150,150,true],"medium":["https:\/\/xpresspuebla.com\/wp-content\/uploads\/2024\/05\/A_Espacio14-300x200.jpg",300,200,true],"medium_large":["https:\/\/xpresspuebla.com\/wp-content\/uploads\/2024\/05\/A_Espacio14.jpg",640,427,false],"large":["https:\/\/xpresspuebla.com\/wp-content\/uploads\/2024\/05\/A_Espacio14.jpg",640,427,false],"1536x1536":["https:\/\/xpresspuebla.com\/wp-content\/uploads\/2024\/05\/A_Espacio14.jpg",640,427,false],"2048x2048":["https:\/\/xpresspuebla.com\/wp-content\/uploads\/2024\/05\/A_Espacio14.jpg",640,427,false]},"uagb_author_info":{"display_name":"xpresspuebla.com","author_link":"https:\/\/xpresspuebla.com\/index.php\/author\/xpresspuebla-com\/"},"uagb_comment_info":0,"uagb_excerpt":"A trav\u00e9s del programa De par en par: Tardes de patrimonio hist\u00f3rico universitario, Espacio Catorce -ubicado en 2 Norte 1404, Centro Hist\u00f3rico- abrir\u00e1 sus puertas al p\u00fablico en general, interesado&hellip;","_links":{"self":[{"href":"https:\/\/xpresspuebla.com\/index.php\/wp-json\/wp\/v2\/posts\/3675"}],"collection":[{"href":"https:\/\/xpresspuebla.com\/index.php\/wp-json\/wp\/v2\/posts"}],"about":[{"href":"https:\/\/xpresspuebla.com\/index.php\/wp-json\/wp\/v2\/types\/post"}],"author":[{"embeddable":true,"href":"https:\/\/xpresspuebla.com\/index.php\/wp-json\/wp\/v2\/users\/1"}],"replies":[{"embeddable":true,"href":"https:\/\/xpresspuebla.com\/index.php\/wp-json\/wp\/v2\/comments?post=3675"}],"version-history":[{"count":1,"href":"https:\/\/xpresspuebla.com\/index.php\/wp-json\/wp\/v2\/posts\/3675\/revisions"}],"predecessor-version":[{"id":3677,"href":"https:\/\/xpresspuebla.com\/index.php\/wp-json\/wp\/v2\/posts\/3675\/revisions\/3677"}],"wp:featuredmedia":[{"embeddable":true,"href":"https:\/\/xpresspuebla.com\/index.php\/wp-json\/wp\/v2\/media\/3676"}],"wp:attachment":[{"href":"https:\/\/xpresspuebla.com\/index.php\/wp-json\/wp\/v2\/media?parent=3675"}],"wp:term":[{"taxonomy":"category","embeddable":true,"href":"https:\/\/xpresspuebla.com\/index.php\/wp-json\/wp\/v2\/categories?post=3675"},{"taxonomy":"post_tag","embeddable":true,"href":"https:\/\/xpresspuebla.com\/index.php\/wp-json\/wp\/v2\/tags?post=3675"}],"curies":[{"name":"wp","href":"https:\/\/api.w.org\/{rel}","templated":true}]}}