{"id":3824,"date":"2024-05-07T18:06:43","date_gmt":"2024-05-08T00:06:43","guid":{"rendered":"https:\/\/xpresspuebla.com\/?p=3824"},"modified":"2024-06-02T18:07:16","modified_gmt":"2024-06-03T00:07:16","slug":"entrega-rectora-maria-lilia-cedillo-reconocimientos-a-estudiantes-becarias-de-abogadas-mx","status":"publish","type":"post","link":"https:\/\/xpresspuebla.com\/index.php\/2024\/05\/07\/entrega-rectora-maria-lilia-cedillo-reconocimientos-a-estudiantes-becarias-de-abogadas-mx\/","title":{"rendered":"Entrega Rectora Mar\u00eda Lilia Cedillo reconocimientos a estudiantes becarias de Abogadas MX"},"content":{"rendered":"\n<ul>\n<li><strong>Brindar\u00e1n acompa\u00f1amiento y asesor\u00eda para incidir en la trayectoria profesional de las abogadas egresadas con una perspectiva de inclusi\u00f3n<\/strong><\/li>\n<\/ul>\n\n\n\n<p>Al hacer entrega de reconocimientos a ocho estudiantes de la Licenciatura en Derecho, quienes integran la primera generaci\u00f3n de becarias de la asociaci\u00f3n Abogadas MX, la Rectora Mar\u00eda Lilia Cedillo Ram\u00edrez celebr\u00f3 la uni\u00f3n de esfuerzos para cambiar las condiciones de las mujeres en la abogac\u00eda y que cada egresada se desenvuelva en un entorno profesional, igualitario, seguro e incluyente.<\/p>\n\n\n\n<p>La doctora Cedillo record\u00f3 que las mujeres enfrentan siempre grandes retos. No obstante, dijo que el camino es m\u00e1s f\u00e1cil si las mujeres se encuentran acompa\u00f1adas de otras que ya transitaron ese recorrido y adem\u00e1s comparten su \u00e1nimo y experiencia, tal y como ofrece Abogadas MX a trav\u00e9s de sus programas de asesor\u00eda y capacitaci\u00f3n.<\/p>\n\n\n\n<p>\u201cEn la abogac\u00eda, las mujeres tienen que hacer ver que no son ellas las que tienen que cambiar para merecer algo, sino m\u00e1s bien, la sociedad debe comprender que tienen la capacidad y la fortaleza para salir adelante, y en eso Abogadas MX las apoya; juntas podemos conseguir lo anhelado\u201d.<\/p>\n\n\n\n<p>Entre los beneficios que obtendr\u00e1n las estudiantes de Derecho, indic\u00f3 Antonia Rodr\u00edguez Miram\u00f3n, directora ejecutiva de Abogadas MX, est\u00e1n pr\u00e1cticas en despachos, acompa\u00f1amiento en distintos procesos laborales, capacitaci\u00f3n y desarrollo de habilidades blandas y&nbsp;<em>new working<\/em>, entre otras herramientas para lograr un crecimiento profesional integral.<\/p>\n\n\n\n<p>En esta entrega tambi\u00e9n estuvieron Miriam Olga Ponce G\u00f3mez, titular de la Oficina de la Abogada General de la BUAP; Ana Laura Ram\u00edrez P\u00e9rez, embajadora de Abogadas Mx; y F\u00e1tima Mariela Jim\u00e9nez V\u00e1zquez, coordinadora General de Becas de la BUAP.<\/p>\n","protected":false},"excerpt":{"rendered":"<p>Al hacer entrega de reconocimientos a ocho estudiantes de la Licenciatura en Derecho, quienes integran la primera generaci\u00f3n de becarias de la asociaci\u00f3n Abogadas MX, la Rectora Mar\u00eda Lilia Cedillo&hellip; <\/p>\n","protected":false},"author":1,"featured_media":3825,"comment_status":"closed","ping_status":"open","sticky":false,"template":"","format":"standard","meta":{"om_disable_all_campaigns":false,"_uag_custom_page_level_css":"","_monsterinsights_skip_tracking":false,"_monsterinsights_sitenote_active":false,"_monsterinsights_sitenote_note":"","_monsterinsights_sitenote_category":0,"_uf_show_specific_survey":0,"_uf_disable_surveys":false},"categories":[1],"tags":[],"aioseo_notices":[],"uagb_featured_image_src":{"full":["https:\/\/xpresspuebla.com\/wp-content\/uploads\/2024\/06\/A_Becas_19.jpg",640,320,false],"thumbnail":["https:\/\/xpresspuebla.com\/wp-content\/uploads\/2024\/06\/A_Becas_19-150x150.jpg",150,150,true],"medium":["https:\/\/xpresspuebla.com\/wp-content\/uploads\/2024\/06\/A_Becas_19-300x150.jpg",300,150,true],"medium_large":["https:\/\/xpresspuebla.com\/wp-content\/uploads\/2024\/06\/A_Becas_19.jpg",640,320,false],"large":["https:\/\/xpresspuebla.com\/wp-content\/uploads\/2024\/06\/A_Becas_19.jpg",640,320,false],"1536x1536":["https:\/\/xpresspuebla.com\/wp-content\/uploads\/2024\/06\/A_Becas_19.jpg",640,320,false],"2048x2048":["https:\/\/xpresspuebla.com\/wp-content\/uploads\/2024\/06\/A_Becas_19.jpg",640,320,false]},"uagb_author_info":{"display_name":"xpresspuebla.com","author_link":"https:\/\/xpresspuebla.com\/index.php\/author\/xpresspuebla-com\/"},"uagb_comment_info":0,"uagb_excerpt":"Al hacer entrega de reconocimientos a ocho estudiantes de la Licenciatura en Derecho, quienes integran la primera generaci\u00f3n de becarias de la asociaci\u00f3n Abogadas MX, la Rectora Mar\u00eda Lilia Cedillo&hellip;","_links":{"self":[{"href":"https:\/\/xpresspuebla.com\/index.php\/wp-json\/wp\/v2\/posts\/3824"}],"collection":[{"href":"https:\/\/xpresspuebla.com\/index.php\/wp-json\/wp\/v2\/posts"}],"about":[{"href":"https:\/\/xpresspuebla.com\/index.php\/wp-json\/wp\/v2\/types\/post"}],"author":[{"embeddable":true,"href":"https:\/\/xpresspuebla.com\/index.php\/wp-json\/wp\/v2\/users\/1"}],"replies":[{"embeddable":true,"href":"https:\/\/xpresspuebla.com\/index.php\/wp-json\/wp\/v2\/comments?post=3824"}],"version-history":[{"count":1,"href":"https:\/\/xpresspuebla.com\/index.php\/wp-json\/wp\/v2\/posts\/3824\/revisions"}],"predecessor-version":[{"id":3826,"href":"https:\/\/xpresspuebla.com\/index.php\/wp-json\/wp\/v2\/posts\/3824\/revisions\/3826"}],"wp:featuredmedia":[{"embeddable":true,"href":"https:\/\/xpresspuebla.com\/index.php\/wp-json\/wp\/v2\/media\/3825"}],"wp:attachment":[{"href":"https:\/\/xpresspuebla.com\/index.php\/wp-json\/wp\/v2\/media?parent=3824"}],"wp:term":[{"taxonomy":"category","embeddable":true,"href":"https:\/\/xpresspuebla.com\/index.php\/wp-json\/wp\/v2\/categories?post=3824"},{"taxonomy":"post_tag","embeddable":true,"href":"https:\/\/xpresspuebla.com\/index.php\/wp-json\/wp\/v2\/tags?post=3824"}],"curies":[{"name":"wp","href":"https:\/\/api.w.org\/{rel}","templated":true}]}}