{"id":3846,"date":"2024-05-13T18:39:03","date_gmt":"2024-05-14T00:39:03","guid":{"rendered":"https:\/\/xpresspuebla.com\/?p=3846"},"modified":"2024-06-02T18:39:43","modified_gmt":"2024-06-03T00:39:43","slug":"academicos-de-la-buap-desarrollan-sistema-de-monitoreo-de-dioxido-de-carbono-en-plantas","status":"publish","type":"post","link":"https:\/\/xpresspuebla.com\/index.php\/2024\/05\/13\/academicos-de-la-buap-desarrollan-sistema-de-monitoreo-de-dioxido-de-carbono-en-plantas\/","title":{"rendered":"Acad\u00e9micos de la BUAP desarrollan sistema de monitoreo de di\u00f3xido de carbono en plantas"},"content":{"rendered":"\n<ul>\n<li><strong>Crearon un sistema herm\u00e9tico de contenci\u00f3n de gas con sensores inal\u00e1mbricos<\/strong><\/li>\n<\/ul>\n\n\n\n<p>El di\u00f3xido de carbono (CO<sub>2<\/sub>) es un subproducto de la industria del petr\u00f3leo y su acumulaci\u00f3n en la atm\u00f3sfera contribuye al cambio clim\u00e1tico. No obstante, las plantas lo necesitan para crecer. Con el fin de medir la cantidad de este gas que absorben los organismos vegetales, el Grupo de Investigaci\u00f3n Interdisciplinaria de la BUAP \u201cTecnolog\u00eda aplicada a la sostenibilidad\u201d desarroll\u00f3 un sistema de sensores para&nbsp; monitorear el CO<sub>2<\/sub>&nbsp;en una planta de nopal. Con ello, los investigadores pretenden brindar a los campesinos una herramienta para que se conviertan en captadores de este compuesto.<\/p>\n\n\n\n<p>En colaboraci\u00f3n con el doctor Narcizo Mu\u00f1oz Aguirre, de la Escuela Superior de Ingenier\u00eda Mec\u00e1nica y El\u00e9ctrica, unidad Azcapotzalco del Instituto Polit\u00e9cnico Nacional (IPN), crearon un sistema herm\u00e9tico de contenci\u00f3n de gas donde se introduce la planta de nopal y una muestra de CO<sub>2,<\/sub>&nbsp;para observar el descenso de este gas y el momento en el que se reduce considerablemente, explic\u00f3 \u00d3scar M\u00e9ndez Zepeda, responsable del grupo de investigaci\u00f3n y acad\u00e9mico de la Preparatoria Emiliano Zapata.<\/p>\n\n\n\n<p>Este an\u00e1lisis se realiza de manera controlada y con la planta viva. El investigador indic\u00f3 que adem\u00e1s de la cantidad espec\u00edfica de di\u00f3xido de carbono, \u201cse controlan ox\u00edgeno, radiaci\u00f3n solar, humedad y temperatura, para medir las condiciones internas en las que se encuentra el nopal y encontrar las circunstancias id\u00f3neas para que pueda captar m\u00e1s CO<sub>2<\/sub>\u201d.<\/p>\n\n\n\n<p>M\u00e9ndez Zepeda, doctor en F\u00edsica Aplicada por la BUAP, coment\u00f3 que uno de los problemas es la utilizaci\u00f3n de sensores con cables que tienden a romperse. Para evitarlo, utilizan dispositivos que se comunican por red inal\u00e1mbrica y a trav\u00e9s de este sistema se env\u00edan los datos a un celular y se guardan en una memoria SD.<\/p>\n\n\n\n<p>En los resultados de una tesis de maestr\u00eda del IPN, cuya investigaci\u00f3n se enfoc\u00f3 a este proyecto, se observ\u00f3 un efecto adverso: en lugar de captar m\u00e1s, se libera m\u00e1s CO<sub>2,&nbsp;<\/sub>&nbsp;por el uso de suelo calc\u00e1reo o calizo en las macetas, ya que tiene un alto contenido de carbonato de calcio que produce \u00e1cidos, los cuales al mezclase con la humedad liberan m\u00e1s gas de efecto invernadero.<\/p>\n\n\n\n<p>\u201cTambi\u00e9n la humedad al interior de la c\u00e1mara se increment\u00f3 de 33.1 a 89.5 por ciento en un intervalo de 19 horas; esto se debe a la reacci\u00f3n qu\u00edmica entre el agua y CO<sub>2<\/sub>&nbsp;de la atm\u00f3sfera del sistema produciendo \u00e1cido carb\u00f3nico, el cual entra en contacto con el carbonato de calcio presente en el sustrato y da como resultado una reacci\u00f3n en la que se obtiene una mayor cantidad de CO<sub>2<\/sub>&nbsp;al interior de la c\u00e1mara. Con estos datos se comprueba el aumento de la humedad relativa y el CO<sub>2<\/sub>&nbsp;conforme transcurre la noche\u201d, expuso el acad\u00e9mico.<\/p>\n\n\n\n<p>\u00d3scar M\u00e9ndez Zepeda se\u00f1al\u00f3 que la siguiente etapa del proyecto ser\u00e1 cambiar el tipo de suelo de la planta y llevar el estudio a condiciones&nbsp;<em>in situ<\/em>, ya que se pretende dar a los campesinos una herramienta para que se conviertan en captadores de di\u00f3xido de carbono. Asimismo, se incorporar\u00e1 un sensor de color, \u201cporque dependiendo de la cantidad de CO<sub>2<\/sub>&nbsp;recibida y de la fotos\u00edntesis la coloraci\u00f3n de la planta cambia y ese es otro indicador para tomar en cuenta\u201d.<\/p>\n\n\n\n<p>El Grupo de Investigaci\u00f3n Interdisciplinaria \u201cTecnolog\u00eda aplicada a la sostenibilidad\u201d est\u00e1 conformado tambi\u00e9n por Argelia R\u00edos Posada y Rebeca Antonio Zambrano, de la Preparatoria Emiliano Zapata, sede Puebla y San Mart\u00edn Texmelucan, respectivamente; Ang\u00e9lica Mar\u00eda Ortiz Bueno, de la Facultad de Medicina; Mar\u00eda del Carmen Peregrina Dur\u00e1n, del Complejo Regional Centro; y Carlos Mart\u00ednez Hipatl, del Bachillerato Internacional 5 de Mayo. Como mentor del grupo de investigaci\u00f3n participa el acad\u00e9mico Severino Mu\u00f1oz Aguirre, de la Facultad de Ciencias F\u00edsico Matem\u00e1ticas (FCFM).<\/p>\n","protected":false},"excerpt":{"rendered":"<p>El di\u00f3xido de carbono (CO2) es un subproducto de la industria del petr\u00f3leo y su acumulaci\u00f3n en la atm\u00f3sfera contribuye al cambio clim\u00e1tico. No obstante, las plantas lo necesitan para&hellip; <\/p>\n","protected":false},"author":1,"featured_media":3847,"comment_status":"closed","ping_status":"open","sticky":false,"template":"","format":"standard","meta":{"om_disable_all_campaigns":false,"_uag_custom_page_level_css":"","_monsterinsights_skip_tracking":false,"_monsterinsights_sitenote_active":false,"_monsterinsights_sitenote_note":"","_monsterinsights_sitenote_category":0,"_uf_show_specific_survey":0,"_uf_disable_surveys":false},"categories":[1],"tags":[],"aioseo_notices":[],"uagb_featured_image_src":{"full":["https:\/\/xpresspuebla.com\/wp-content\/uploads\/2024\/06\/A_PrepaZapata_6.jpg",640,427,false],"thumbnail":["https:\/\/xpresspuebla.com\/wp-content\/uploads\/2024\/06\/A_PrepaZapata_6-150x150.jpg",150,150,true],"medium":["https:\/\/xpresspuebla.com\/wp-content\/uploads\/2024\/06\/A_PrepaZapata_6-300x200.jpg",300,200,true],"medium_large":["https:\/\/xpresspuebla.com\/wp-content\/uploads\/2024\/06\/A_PrepaZapata_6.jpg",640,427,false],"large":["https:\/\/xpresspuebla.com\/wp-content\/uploads\/2024\/06\/A_PrepaZapata_6.jpg",640,427,false],"1536x1536":["https:\/\/xpresspuebla.com\/wp-content\/uploads\/2024\/06\/A_PrepaZapata_6.jpg",640,427,false],"2048x2048":["https:\/\/xpresspuebla.com\/wp-content\/uploads\/2024\/06\/A_PrepaZapata_6.jpg",640,427,false]},"uagb_author_info":{"display_name":"xpresspuebla.com","author_link":"https:\/\/xpresspuebla.com\/index.php\/author\/xpresspuebla-com\/"},"uagb_comment_info":0,"uagb_excerpt":"El di\u00f3xido de carbono (CO2) es un subproducto de la industria del petr\u00f3leo y su acumulaci\u00f3n en la atm\u00f3sfera contribuye al cambio clim\u00e1tico. No obstante, las plantas lo necesitan para&hellip;","_links":{"self":[{"href":"https:\/\/xpresspuebla.com\/index.php\/wp-json\/wp\/v2\/posts\/3846"}],"collection":[{"href":"https:\/\/xpresspuebla.com\/index.php\/wp-json\/wp\/v2\/posts"}],"about":[{"href":"https:\/\/xpresspuebla.com\/index.php\/wp-json\/wp\/v2\/types\/post"}],"author":[{"embeddable":true,"href":"https:\/\/xpresspuebla.com\/index.php\/wp-json\/wp\/v2\/users\/1"}],"replies":[{"embeddable":true,"href":"https:\/\/xpresspuebla.com\/index.php\/wp-json\/wp\/v2\/comments?post=3846"}],"version-history":[{"count":1,"href":"https:\/\/xpresspuebla.com\/index.php\/wp-json\/wp\/v2\/posts\/3846\/revisions"}],"predecessor-version":[{"id":3848,"href":"https:\/\/xpresspuebla.com\/index.php\/wp-json\/wp\/v2\/posts\/3846\/revisions\/3848"}],"wp:featuredmedia":[{"embeddable":true,"href":"https:\/\/xpresspuebla.com\/index.php\/wp-json\/wp\/v2\/media\/3847"}],"wp:attachment":[{"href":"https:\/\/xpresspuebla.com\/index.php\/wp-json\/wp\/v2\/media?parent=3846"}],"wp:term":[{"taxonomy":"category","embeddable":true,"href":"https:\/\/xpresspuebla.com\/index.php\/wp-json\/wp\/v2\/categories?post=3846"},{"taxonomy":"post_tag","embeddable":true,"href":"https:\/\/xpresspuebla.com\/index.php\/wp-json\/wp\/v2\/tags?post=3846"}],"curies":[{"name":"wp","href":"https:\/\/api.w.org\/{rel}","templated":true}]}}