{"id":3888,"date":"2024-05-30T18:55:33","date_gmt":"2024-05-31T00:55:33","guid":{"rendered":"https:\/\/xpresspuebla.com\/?p=3888"},"modified":"2024-06-02T18:56:09","modified_gmt":"2024-06-03T00:56:09","slug":"en-riesgo-los-arrecifes-en-mexico-debido-a-las-altas-temperaturas-advierte-cientifico","status":"publish","type":"post","link":"https:\/\/xpresspuebla.com\/index.php\/2024\/05\/30\/en-riesgo-los-arrecifes-en-mexico-debido-a-las-altas-temperaturas-advierte-cientifico\/","title":{"rendered":"En riesgo, los arrecifes en M\u00e9xico debido a las altas temperaturas, advierte cient\u00edfico"},"content":{"rendered":"\n<ul>\n<li><strong>El bi\u00f3logo marino Lorenzo \u00c1lvarez Filip dict\u00f3 una conferencia sobre el cambio clim\u00e1tico y sus efectos en los corales y arrecifes, como parte de las actividades del LNCBioCC<\/strong><\/li>\n<\/ul>\n\n\n\n<p>Los arrecifes son organismos con una gran importancia ecol\u00f3gica pues albergan 30 por ciento de las especies marinas; sin embargo, su existencia est\u00e1 en grave riesgo debido al incremento de temperaturas ocasionadas por el cambio clim\u00e1tico, asegur\u00f3 el bi\u00f3logo marino Lorenzo \u00c1lvarez Filip, investigador adscrito a la Unidad Acad\u00e9mica de Sistemas Arrecifales del Instituto de Ciencias del Mar y Limnolog\u00eda de la UNAM, quien imparti\u00f3 la primera conferencia de una serie de charlas organizadas por el Laboratorio Nacional Conahcyt de Biolog\u00eda del Cambio Clim\u00e1tico (LNCBioCC), del cual es miembro la BUAP.<\/p>\n\n\n\n<p>El LNCBioCC es un esfuerzo de colaboraci\u00f3n en el que participan 29 especialistas de m\u00e1s de 13 instituciones asociadas, entre ellos investigadores del Laboratorio de Biodiversidad del Centro de Agroecolog\u00eda, del Instituto de Ciencias (ICUAP). Su objetivo es abordar \u00e1reas como la ecolog\u00eda de zonas costeras, biogeograf\u00eda, macroecolog\u00eda, seguridad alimentaria, gen\u00e9tica forestal, restauraci\u00f3n ecol\u00f3gica, entre otras, para incidir en pol\u00edticas p\u00fablicas con nuevo conocimiento relacionado con el cambio clim\u00e1tico, adem\u00e1s de la formaci\u00f3n de recursos humanos.<\/p>\n\n\n\n<p>Durante su ponencia, Lorenzo \u00c1lvarez destac\u00f3 que en la \u00faltima d\u00e9cada el incremento de temperatura propici\u00f3 olas de calor nunca antes registradas en al menos 57 pa\u00edses, donde se observ\u00f3 un estr\u00e9s en los corales, lo que ocasion\u00f3 el llamado fen\u00f3meno de blanqueamiento que provoca su muerte.<\/p>\n\n\n\n<p>Explic\u00f3 que existe el patr\u00f3n meteorol\u00f3gico conocido como los a\u00f1os de El Ni\u00f1o y La Ni\u00f1a, el primero contempla temperaturas m\u00e1s calientes y el segundo tiene temperaturas m\u00e1s fr\u00edas. No obstante, a pesar de los ciclos de a\u00f1os calientes y fr\u00edos en las \u00faltimas d\u00e9cadas, las temperaturas altas han llegado a grados r\u00e9cord, provocando afectaciones irreversibles en arrecifes.<\/p>\n\n\n\n<p>El investigador de la UNAM indic\u00f3 que los corales son los encargados de construir la estructura f\u00edsica donde se edifican ecosistemas, adem\u00e1s de servir como barreras naturales o de contenci\u00f3n para huracanes. En M\u00e9xico, se\u00f1al\u00f3 que el problema reporta su peor momento, sobre todo en agosto de 2023 cuando 80 por ciento de los corales de la bah\u00eda de Huatulco en Oaxaca murieron por la ola de calor. Este mismo fen\u00f3meno se registr\u00f3 en Veracruz y en el caribe mexicano, espec\u00edficamente en Puerto Morelos, donde murieron todas las colonias de la especie Acropora palmata.<\/p>\n\n\n\n<p>\u201cDe 30 grados que es lo normal, se registraron temperaturas de 35 grados por un tiempo prolongado. Este pico intenso se dio en agosto de 2023 y dej\u00f3 una mortalidad no s\u00f3lo de corales, sino de kil\u00f3metros de arrecifes completos que eventualmente colapsar\u00e1n\u201d.<\/p>\n\n\n\n<p>Ante esta problem\u00e1tica, el especialista se pronunci\u00f3 por una intervenci\u00f3n efectiva por parte de las autoridades, pero tambi\u00e9n de la sociedad en su conjunto, as\u00ed como de los cient\u00edficos, ya que asegur\u00f3 que la contaminaci\u00f3n y la deforestaci\u00f3n siguen siendo un factor clave en esta problem\u00e1tica. Como parte de las acciones realizadas, mencion\u00f3 a los cultivos de estas especies en laboratorios y relocalizaciones de corales asistidos, el problema es que s\u00f3lo se pueden abarcar peque\u00f1as \u00e1reas.<\/p>\n\n\n\n<p>Al concluir su ponencia enfatiz\u00f3 en la importancia de la protecci\u00f3n a la biodiversidad y de la necesidad de invertir a largo plazo en proyectos de mayor alcance que se sustenten en el an\u00e1lisis y la propuesta cient\u00edfica.<\/p>\n\n\n\n<p>D<\/p>\n","protected":false},"excerpt":{"rendered":"<p>Los arrecifes son organismos con una gran importancia ecol\u00f3gica pues albergan 30 por ciento de las especies marinas; sin embargo, su existencia est\u00e1 en grave riesgo debido al incremento de&hellip; <\/p>\n","protected":false},"author":1,"featured_media":3889,"comment_status":"closed","ping_status":"open","sticky":false,"template":"","format":"standard","meta":{"om_disable_all_campaigns":false,"_uag_custom_page_level_css":"","_monsterinsights_skip_tracking":false,"_monsterinsights_sitenote_active":false,"_monsterinsights_sitenote_note":"","_monsterinsights_sitenote_category":0,"_uf_show_specific_survey":0,"_uf_disable_surveys":false},"categories":[1],"tags":[],"aioseo_notices":[],"uagb_featured_image_src":{"full":["https:\/\/xpresspuebla.com\/wp-content\/uploads\/2024\/06\/A_ArrecifeCoral.jpg",640,376,false],"thumbnail":["https:\/\/xpresspuebla.com\/wp-content\/uploads\/2024\/06\/A_ArrecifeCoral-150x150.jpg",150,150,true],"medium":["https:\/\/xpresspuebla.com\/wp-content\/uploads\/2024\/06\/A_ArrecifeCoral-300x176.jpg",300,176,true],"medium_large":["https:\/\/xpresspuebla.com\/wp-content\/uploads\/2024\/06\/A_ArrecifeCoral.jpg",640,376,false],"large":["https:\/\/xpresspuebla.com\/wp-content\/uploads\/2024\/06\/A_ArrecifeCoral.jpg",640,376,false],"1536x1536":["https:\/\/xpresspuebla.com\/wp-content\/uploads\/2024\/06\/A_ArrecifeCoral.jpg",640,376,false],"2048x2048":["https:\/\/xpresspuebla.com\/wp-content\/uploads\/2024\/06\/A_ArrecifeCoral.jpg",640,376,false]},"uagb_author_info":{"display_name":"xpresspuebla.com","author_link":"https:\/\/xpresspuebla.com\/index.php\/author\/xpresspuebla-com\/"},"uagb_comment_info":0,"uagb_excerpt":"Los arrecifes son organismos con una gran importancia ecol\u00f3gica pues albergan 30 por ciento de las especies marinas; sin embargo, su existencia est\u00e1 en grave riesgo debido al incremento de&hellip;","_links":{"self":[{"href":"https:\/\/xpresspuebla.com\/index.php\/wp-json\/wp\/v2\/posts\/3888"}],"collection":[{"href":"https:\/\/xpresspuebla.com\/index.php\/wp-json\/wp\/v2\/posts"}],"about":[{"href":"https:\/\/xpresspuebla.com\/index.php\/wp-json\/wp\/v2\/types\/post"}],"author":[{"embeddable":true,"href":"https:\/\/xpresspuebla.com\/index.php\/wp-json\/wp\/v2\/users\/1"}],"replies":[{"embeddable":true,"href":"https:\/\/xpresspuebla.com\/index.php\/wp-json\/wp\/v2\/comments?post=3888"}],"version-history":[{"count":1,"href":"https:\/\/xpresspuebla.com\/index.php\/wp-json\/wp\/v2\/posts\/3888\/revisions"}],"predecessor-version":[{"id":3890,"href":"https:\/\/xpresspuebla.com\/index.php\/wp-json\/wp\/v2\/posts\/3888\/revisions\/3890"}],"wp:featuredmedia":[{"embeddable":true,"href":"https:\/\/xpresspuebla.com\/index.php\/wp-json\/wp\/v2\/media\/3889"}],"wp:attachment":[{"href":"https:\/\/xpresspuebla.com\/index.php\/wp-json\/wp\/v2\/media?parent=3888"}],"wp:term":[{"taxonomy":"category","embeddable":true,"href":"https:\/\/xpresspuebla.com\/index.php\/wp-json\/wp\/v2\/categories?post=3888"},{"taxonomy":"post_tag","embeddable":true,"href":"https:\/\/xpresspuebla.com\/index.php\/wp-json\/wp\/v2\/tags?post=3888"}],"curies":[{"name":"wp","href":"https:\/\/api.w.org\/{rel}","templated":true}]}}