{"id":3947,"date":"2024-06-02T17:45:33","date_gmt":"2024-06-02T23:45:33","guid":{"rendered":"https:\/\/xpresspuebla.com\/?p=3947"},"modified":"2024-06-23T17:46:41","modified_gmt":"2024-06-23T23:46:41","slug":"la-linea-de-atencion-a-crisis-emocional-busca-estabilizar-al-alumno-en-momentos-de-crisis","status":"publish","type":"post","link":"https:\/\/xpresspuebla.com\/index.php\/2024\/06\/02\/la-linea-de-atencion-a-crisis-emocional-busca-estabilizar-al-alumno-en-momentos-de-crisis\/","title":{"rendered":"La L\u00ednea de Atenci\u00f3n a Crisis Emocional busca estabilizar al alumno en momentos de crisis"},"content":{"rendered":"\n<ul>\n<li>Ansiedad, soledad, depresi\u00f3n y falta de adaptaci\u00f3n son las crisis m\u00e1s comunes. Se cuenta con el apoyo de 26 Unidades de Atenci\u00f3n al Bienestar Emocional<\/li>\n<\/ul>\n\n\n\n<p>La actual administraci\u00f3n de la BUAP ha mostrado un particular inter\u00e9s en la salud emocional de los estudiantes. Por ello, a trav\u00e9s de la Direcci\u00f3n de Acompa\u00f1amiento Universitario (DAU), puso a disposici\u00f3n de los universitarios la L\u00ednea de Atenci\u00f3n a Crisis Emocional, con la cual se busca contener y estabilizar a un joven en situaci\u00f3n de crisis.&nbsp;<\/p>\n\n\n\n<p>Ansiedad, soledad, depresi\u00f3n y falta de adaptaci\u00f3n son los estados cr\u00edticos m\u00e1s comunes que se atienden en esta l\u00ednea telef\u00f3nica de acompa\u00f1amiento, un programa que se apoya en 26 Unidades de Atenci\u00f3n al Bienestar Emocional, para un tratamiento m\u00e1s integral por parte de un equipo de profesionales de la salud mental.&nbsp; &nbsp;&nbsp;<\/p>\n\n\n\n<p>La coordinadora de Atenci\u00f3n al Bienestar Emocional de la DAU, Betty Dimas Olea, precis\u00f3 que a trav\u00e9s de esta l\u00ednea telef\u00f3nica se brinda acompa\u00f1amiento al estudiante, a quien se le da seguimiento en los d\u00edas posteriores y de requerirlo se le brinda atenci\u00f3n psicol\u00f3gica presencial en alguna de las 26 Unidades de Atenci\u00f3n al Bienestar Emocional, ubicadas en las \u00e1reas Centro, de la Salud y Ciudad Universitaria, as\u00ed como en el Complejo Cultural Universitario.<\/p>\n\n\n\n<p>Durante 2023, la L\u00ednea de Atenci\u00f3n a Crisis Emocional recibi\u00f3 m\u00e1s de 300 llamadas. Si bien no hay una constante o promedio de llamadas diarias, s\u00ed se registra un aumento en determinados periodos, como los meses de ex\u00e1menes finales (mayo y noviembre), o bien fechas festivas como el 14 de febrero y las fiestas de diciembre.&nbsp;<\/p>\n\n\n\n<p>Dimas Olea invit\u00f3 a los estudiantes a no esperar a estar en una crisis y buscar ayuda inmediata en la l\u00ednea: \u201cNormalicemos ir al psic\u00f3logo; expresen sus sentimientos y recuerden que no est\u00e1n solos\u201d.<\/p>\n\n\n\n<p>La l\u00ednea de atenci\u00f3n es \u00fanicamente para estudiantes activos de los niveles medio superior y superior, de lunes a domingo, de 9:00 a 21:00 horas, tel\u00e9fono 2223448905. Mayor informaci\u00f3n en&nbsp;<a href=\"http:\/\/www.dau.buap.mx\/\">http:\/\/www.dau.buap.mx\/<\/a><\/p>\n","protected":false},"excerpt":{"rendered":"<p>La actual administraci\u00f3n de la BUAP ha mostrado un particular inter\u00e9s en la salud emocional de los estudiantes. Por ello, a trav\u00e9s de la Direcci\u00f3n de Acompa\u00f1amiento Universitario (DAU), puso&hellip; <\/p>\n","protected":false},"author":1,"featured_media":3948,"comment_status":"closed","ping_status":"open","sticky":false,"template":"","format":"standard","meta":{"om_disable_all_campaigns":false,"_uag_custom_page_level_css":"","_monsterinsights_skip_tracking":false,"_monsterinsights_sitenote_active":false,"_monsterinsights_sitenote_note":"","_monsterinsights_sitenote_category":0,"_uf_show_specific_survey":0,"_uf_disable_surveys":false},"categories":[1],"tags":[],"aioseo_notices":[],"uagb_featured_image_src":{"full":["https:\/\/xpresspuebla.com\/wp-content\/uploads\/2024\/06\/A_Atencionemocional.jpg",640,427,false],"thumbnail":["https:\/\/xpresspuebla.com\/wp-content\/uploads\/2024\/06\/A_Atencionemocional-150x150.jpg",150,150,true],"medium":["https:\/\/xpresspuebla.com\/wp-content\/uploads\/2024\/06\/A_Atencionemocional-300x200.jpg",300,200,true],"medium_large":["https:\/\/xpresspuebla.com\/wp-content\/uploads\/2024\/06\/A_Atencionemocional.jpg",640,427,false],"large":["https:\/\/xpresspuebla.com\/wp-content\/uploads\/2024\/06\/A_Atencionemocional.jpg",640,427,false],"1536x1536":["https:\/\/xpresspuebla.com\/wp-content\/uploads\/2024\/06\/A_Atencionemocional.jpg",640,427,false],"2048x2048":["https:\/\/xpresspuebla.com\/wp-content\/uploads\/2024\/06\/A_Atencionemocional.jpg",640,427,false]},"uagb_author_info":{"display_name":"xpresspuebla.com","author_link":"https:\/\/xpresspuebla.com\/index.php\/author\/xpresspuebla-com\/"},"uagb_comment_info":0,"uagb_excerpt":"La actual administraci\u00f3n de la BUAP ha mostrado un particular inter\u00e9s en la salud emocional de los estudiantes. Por ello, a trav\u00e9s de la Direcci\u00f3n de Acompa\u00f1amiento Universitario (DAU), puso&hellip;","_links":{"self":[{"href":"https:\/\/xpresspuebla.com\/index.php\/wp-json\/wp\/v2\/posts\/3947"}],"collection":[{"href":"https:\/\/xpresspuebla.com\/index.php\/wp-json\/wp\/v2\/posts"}],"about":[{"href":"https:\/\/xpresspuebla.com\/index.php\/wp-json\/wp\/v2\/types\/post"}],"author":[{"embeddable":true,"href":"https:\/\/xpresspuebla.com\/index.php\/wp-json\/wp\/v2\/users\/1"}],"replies":[{"embeddable":true,"href":"https:\/\/xpresspuebla.com\/index.php\/wp-json\/wp\/v2\/comments?post=3947"}],"version-history":[{"count":1,"href":"https:\/\/xpresspuebla.com\/index.php\/wp-json\/wp\/v2\/posts\/3947\/revisions"}],"predecessor-version":[{"id":3949,"href":"https:\/\/xpresspuebla.com\/index.php\/wp-json\/wp\/v2\/posts\/3947\/revisions\/3949"}],"wp:featuredmedia":[{"embeddable":true,"href":"https:\/\/xpresspuebla.com\/index.php\/wp-json\/wp\/v2\/media\/3948"}],"wp:attachment":[{"href":"https:\/\/xpresspuebla.com\/index.php\/wp-json\/wp\/v2\/media?parent=3947"}],"wp:term":[{"taxonomy":"category","embeddable":true,"href":"https:\/\/xpresspuebla.com\/index.php\/wp-json\/wp\/v2\/categories?post=3947"},{"taxonomy":"post_tag","embeddable":true,"href":"https:\/\/xpresspuebla.com\/index.php\/wp-json\/wp\/v2\/tags?post=3947"}],"curies":[{"name":"wp","href":"https:\/\/api.w.org\/{rel}","templated":true}]}}