{"id":4091,"date":"2024-07-16T21:21:12","date_gmt":"2024-07-17T03:21:12","guid":{"rendered":"https:\/\/xpresspuebla.com\/?p=4091"},"modified":"2024-08-05T21:22:04","modified_gmt":"2024-08-06T03:22:04","slug":"cuida-el-medio-ambiente-buap-2024","status":"publish","type":"post","link":"https:\/\/xpresspuebla.com\/index.php\/2024\/07\/16\/cuida-el-medio-ambiente-buap-2024\/","title":{"rendered":"Cuida el medio ambiente | BUAP 2024"},"content":{"rendered":"\n<p>La Benem\u00e9rita Universidad Aut\u00f3noma de Puebla\u00a0<strong>(BUAP) ha dado un paso significativo hacia la sostenibilidad ambiental con la inauguraci\u00f3n de su nueva \u201cPlazuela de la Sostenibilidad\u201d,<\/strong>\u00a0este espacio, construido con adoquines elaborados a partir de residuos de unicel reciclado, refleja el compromiso de la instituci\u00f3n con el cuidado del medio ambiente y la promoci\u00f3n de pr\u00e1cticas ecoamigables.<\/p>\n","protected":false},"excerpt":{"rendered":"<p>La Benem\u00e9rita Universidad Aut\u00f3noma de Puebla\u00a0(BUAP) ha dado un paso significativo hacia la sostenibilidad ambiental con la inauguraci\u00f3n de su nueva \u201cPlazuela de la Sostenibilidad\u201d,\u00a0este espacio, construido con adoquines elaborados&hellip; <\/p>\n","protected":false},"author":1,"featured_media":4089,"comment_status":"closed","ping_status":"open","sticky":false,"template":"","format":"standard","meta":{"om_disable_all_campaigns":false,"_uag_custom_page_level_css":"","_monsterinsights_skip_tracking":false,"_monsterinsights_sitenote_active":false,"_monsterinsights_sitenote_note":"","_monsterinsights_sitenote_category":0,"_uf_show_specific_survey":0,"_uf_disable_surveys":false},"categories":[1],"tags":[],"aioseo_notices":[],"uagb_featured_image_src":{"full":["https:\/\/xpresspuebla.com\/wp-content\/uploads\/2024\/08\/Cambio-Climatico_1-scaled.jpg",2560,2560,false],"thumbnail":["https:\/\/xpresspuebla.com\/wp-content\/uploads\/2024\/08\/Cambio-Climatico_1-150x150.jpg",150,150,true],"medium":["https:\/\/xpresspuebla.com\/wp-content\/uploads\/2024\/08\/Cambio-Climatico_1-300x300.jpg",300,300,true],"medium_large":["https:\/\/xpresspuebla.com\/wp-content\/uploads\/2024\/08\/Cambio-Climatico_1-768x768.jpg",768,768,true],"large":["https:\/\/xpresspuebla.com\/wp-content\/uploads\/2024\/08\/Cambio-Climatico_1-1024x1024.jpg",1024,1024,true],"1536x1536":["https:\/\/xpresspuebla.com\/wp-content\/uploads\/2024\/08\/Cambio-Climatico_1-1536x1536.jpg",1536,1536,true],"2048x2048":["https:\/\/xpresspuebla.com\/wp-content\/uploads\/2024\/08\/Cambio-Climatico_1-2048x2048.jpg",2048,2048,true]},"uagb_author_info":{"display_name":"xpresspuebla.com","author_link":"https:\/\/xpresspuebla.com\/index.php\/author\/xpresspuebla-com\/"},"uagb_comment_info":0,"uagb_excerpt":"La Benem\u00e9rita Universidad Aut\u00f3noma de Puebla\u00a0(BUAP) ha dado un paso significativo hacia la sostenibilidad ambiental con la inauguraci\u00f3n de su nueva \u201cPlazuela de la Sostenibilidad\u201d,\u00a0este espacio, construido con adoquines elaborados&hellip;","_links":{"self":[{"href":"https:\/\/xpresspuebla.com\/index.php\/wp-json\/wp\/v2\/posts\/4091"}],"collection":[{"href":"https:\/\/xpresspuebla.com\/index.php\/wp-json\/wp\/v2\/posts"}],"about":[{"href":"https:\/\/xpresspuebla.com\/index.php\/wp-json\/wp\/v2\/types\/post"}],"author":[{"embeddable":true,"href":"https:\/\/xpresspuebla.com\/index.php\/wp-json\/wp\/v2\/users\/1"}],"replies":[{"embeddable":true,"href":"https:\/\/xpresspuebla.com\/index.php\/wp-json\/wp\/v2\/comments?post=4091"}],"version-history":[{"count":1,"href":"https:\/\/xpresspuebla.com\/index.php\/wp-json\/wp\/v2\/posts\/4091\/revisions"}],"predecessor-version":[{"id":4092,"href":"https:\/\/xpresspuebla.com\/index.php\/wp-json\/wp\/v2\/posts\/4091\/revisions\/4092"}],"wp:featuredmedia":[{"embeddable":true,"href":"https:\/\/xpresspuebla.com\/index.php\/wp-json\/wp\/v2\/media\/4089"}],"wp:attachment":[{"href":"https:\/\/xpresspuebla.com\/index.php\/wp-json\/wp\/v2\/media?parent=4091"}],"wp:term":[{"taxonomy":"category","embeddable":true,"href":"https:\/\/xpresspuebla.com\/index.php\/wp-json\/wp\/v2\/categories?post=4091"},{"taxonomy":"post_tag","embeddable":true,"href":"https:\/\/xpresspuebla.com\/index.php\/wp-json\/wp\/v2\/tags?post=4091"}],"curies":[{"name":"wp","href":"https:\/\/api.w.org\/{rel}","templated":true}]}}