{"id":4180,"date":"2024-07-08T22:42:54","date_gmt":"2024-07-09T04:42:54","guid":{"rendered":"https:\/\/xpresspuebla.com\/?p=4180"},"modified":"2024-08-05T22:43:40","modified_gmt":"2024-08-06T04:43:40","slug":"fomenta-buap-vocaciones-cientificas-en-ninas-y-ninos","status":"publish","type":"post","link":"https:\/\/xpresspuebla.com\/index.php\/2024\/07\/08\/fomenta-buap-vocaciones-cientificas-en-ninas-y-ninos\/","title":{"rendered":"Fomenta BUAP vocaciones cient\u00edficas en ni\u00f1as y ni\u00f1os"},"content":{"rendered":"\n<ul>\n<li><strong>Se clausura Segundo Taller Viernes de Inmersi\u00f3n STEM<\/strong><\/li>\n<\/ul>\n\n\n\n<p>Acercar a las infancias a la investigaci\u00f3n para fomentar vocaciones cient\u00edficas y tecnol\u00f3gicas, fue el objetivo del Segundo Taller Viernes de Inmersi\u00f3n STEM, organizado por la Vicerrector\u00eda de Investigaci\u00f3n y Estudios de Posgrado de la BUAP, a trav\u00e9s de la Escuela de Desarrollo de Habilidades Cient\u00edficas y de Innovaci\u00f3n.<\/p>\n\n\n\n<p>En este taller participaron 30 ni\u00f1os y ni\u00f1as de 7 a 14 a\u00f1os, divididos en dos grupos, quienes visitaron las instalaciones del Ecocampus Valsequillo, Jard\u00edn Bot\u00e1nico Universitario y la Direcci\u00f3n de Innovaci\u00f3n y Transferencia de Conocimiento (DITCo). Al final de su estancia, los peque\u00f1os presentaron en carteles aquello que m\u00e1s les llam\u00f3 la atenci\u00f3n en las ocho sesiones de trabajo.<\/p>\n\n\n\n<p>En esta segunda edici\u00f3n, durante el ciclo escolar 2023-2024 en los viernes de consejo t\u00e9cnico de las instituciones de educaci\u00f3n b\u00e1sica, la universidad abri\u00f3 sus puertas para acercar a los participantes a temas a los temas STEM (<em>Science, Technology, Engineering, and Mathematics<\/em>) y la vinculaci\u00f3n que existe con el medio ambiente.<\/p>\n\n\n\n<p>En la atenci\u00f3n de los grupos, estudiantes de pregrado y posgrado compartieron su vocaci\u00f3n por la ciencia y a trav\u00e9s de diversas actividades buscaron sembrar en los infantes una semilla que los encamine al estudio de una carrera en ciencias, tecnolog\u00eda, ingenier\u00eda o Matem\u00e1ticas.<\/p>\n","protected":false},"excerpt":{"rendered":"<p>Acercar a las infancias a la investigaci\u00f3n para fomentar vocaciones cient\u00edficas y tecnol\u00f3gicas, fue el objetivo del Segundo Taller Viernes de Inmersi\u00f3n STEM, organizado por la Vicerrector\u00eda de Investigaci\u00f3n y&hellip; <\/p>\n","protected":false},"author":1,"featured_media":4181,"comment_status":"closed","ping_status":"open","sticky":false,"template":"","format":"standard","meta":{"om_disable_all_campaigns":false,"_uag_custom_page_level_css":"","_monsterinsights_skip_tracking":false,"_monsterinsights_sitenote_active":false,"_monsterinsights_sitenote_note":"","_monsterinsights_sitenote_category":0,"_uf_show_specific_survey":0,"_uf_disable_surveys":false},"categories":[1],"tags":[],"aioseo_notices":[],"uagb_featured_image_src":{"full":["https:\/\/xpresspuebla.com\/wp-content\/uploads\/2024\/08\/A_VIEP_6.jpg",640,427,false],"thumbnail":["https:\/\/xpresspuebla.com\/wp-content\/uploads\/2024\/08\/A_VIEP_6-150x150.jpg",150,150,true],"medium":["https:\/\/xpresspuebla.com\/wp-content\/uploads\/2024\/08\/A_VIEP_6-300x200.jpg",300,200,true],"medium_large":["https:\/\/xpresspuebla.com\/wp-content\/uploads\/2024\/08\/A_VIEP_6.jpg",640,427,false],"large":["https:\/\/xpresspuebla.com\/wp-content\/uploads\/2024\/08\/A_VIEP_6.jpg",640,427,false],"1536x1536":["https:\/\/xpresspuebla.com\/wp-content\/uploads\/2024\/08\/A_VIEP_6.jpg",640,427,false],"2048x2048":["https:\/\/xpresspuebla.com\/wp-content\/uploads\/2024\/08\/A_VIEP_6.jpg",640,427,false]},"uagb_author_info":{"display_name":"xpresspuebla.com","author_link":"https:\/\/xpresspuebla.com\/index.php\/author\/xpresspuebla-com\/"},"uagb_comment_info":0,"uagb_excerpt":"Acercar a las infancias a la investigaci\u00f3n para fomentar vocaciones cient\u00edficas y tecnol\u00f3gicas, fue el objetivo del Segundo Taller Viernes de Inmersi\u00f3n STEM, organizado por la Vicerrector\u00eda de Investigaci\u00f3n y&hellip;","_links":{"self":[{"href":"https:\/\/xpresspuebla.com\/index.php\/wp-json\/wp\/v2\/posts\/4180"}],"collection":[{"href":"https:\/\/xpresspuebla.com\/index.php\/wp-json\/wp\/v2\/posts"}],"about":[{"href":"https:\/\/xpresspuebla.com\/index.php\/wp-json\/wp\/v2\/types\/post"}],"author":[{"embeddable":true,"href":"https:\/\/xpresspuebla.com\/index.php\/wp-json\/wp\/v2\/users\/1"}],"replies":[{"embeddable":true,"href":"https:\/\/xpresspuebla.com\/index.php\/wp-json\/wp\/v2\/comments?post=4180"}],"version-history":[{"count":1,"href":"https:\/\/xpresspuebla.com\/index.php\/wp-json\/wp\/v2\/posts\/4180\/revisions"}],"predecessor-version":[{"id":4182,"href":"https:\/\/xpresspuebla.com\/index.php\/wp-json\/wp\/v2\/posts\/4180\/revisions\/4182"}],"wp:featuredmedia":[{"embeddable":true,"href":"https:\/\/xpresspuebla.com\/index.php\/wp-json\/wp\/v2\/media\/4181"}],"wp:attachment":[{"href":"https:\/\/xpresspuebla.com\/index.php\/wp-json\/wp\/v2\/media?parent=4180"}],"wp:term":[{"taxonomy":"category","embeddable":true,"href":"https:\/\/xpresspuebla.com\/index.php\/wp-json\/wp\/v2\/categories?post=4180"},{"taxonomy":"post_tag","embeddable":true,"href":"https:\/\/xpresspuebla.com\/index.php\/wp-json\/wp\/v2\/tags?post=4180"}],"curies":[{"name":"wp","href":"https:\/\/api.w.org\/{rel}","templated":true}]}}