{"id":4198,"date":"2024-08-09T17:12:46","date_gmt":"2024-08-09T23:12:46","guid":{"rendered":"https:\/\/xpresspuebla.com\/?p=4198"},"modified":"2024-09-01T17:15:42","modified_gmt":"2024-09-01T23:15:42","slug":"listo-para-conocer-cu2","status":"publish","type":"post","link":"https:\/\/xpresspuebla.com\/index.php\/2024\/08\/09\/listo-para-conocer-cu2\/","title":{"rendered":"\u00bfListo para conocer CU2?"},"content":{"rendered":"\n<p>La\u00a0<strong>Benem\u00e9rita Universidad Aut\u00f3noma de Puebla\u00a0<\/strong>laz\u00f3 la invitaci\u00f3n para que su comunidad universitaria asista a la bienvenida que realizan cada a\u00f1o con motivo del<strong>\u00a0inicio de las clases<\/strong>, adem\u00e1s esta es particular especial ya que se trata del\u00a0<strong>primer evento de recibimiento\u00a0<\/strong>en el nuevo plantel de\u00a0<strong>Ciudad Universitaria 2.<\/strong><\/p>\n","protected":false},"excerpt":{"rendered":"<p>La\u00a0Benem\u00e9rita Universidad Aut\u00f3noma de Puebla\u00a0laz\u00f3 la invitaci\u00f3n para que su comunidad universitaria asista a la bienvenida que realizan cada a\u00f1o con motivo del\u00a0inicio de las clases, adem\u00e1s esta es particular&hellip; <\/p>\n","protected":false},"author":1,"featured_media":4191,"comment_status":"closed","ping_status":"open","sticky":false,"template":"","format":"standard","meta":{"om_disable_all_campaigns":false,"_uag_custom_page_level_css":"","_monsterinsights_skip_tracking":false,"_monsterinsights_sitenote_active":false,"_monsterinsights_sitenote_note":"","_monsterinsights_sitenote_category":0,"_uf_show_specific_survey":0,"_uf_disable_surveys":false},"categories":[1],"tags":[],"aioseo_notices":[],"uagb_featured_image_src":{"full":["https:\/\/xpresspuebla.com\/wp-content\/uploads\/2024\/09\/3.jpg",1249,1042,false],"thumbnail":["https:\/\/xpresspuebla.com\/wp-content\/uploads\/2024\/09\/3-150x150.jpg",150,150,true],"medium":["https:\/\/xpresspuebla.com\/wp-content\/uploads\/2024\/09\/3-300x250.jpg",300,250,true],"medium_large":["https:\/\/xpresspuebla.com\/wp-content\/uploads\/2024\/09\/3-768x641.jpg",768,641,true],"large":["https:\/\/xpresspuebla.com\/wp-content\/uploads\/2024\/09\/3-1024x854.jpg",1024,854,true],"1536x1536":["https:\/\/xpresspuebla.com\/wp-content\/uploads\/2024\/09\/3.jpg",1249,1042,false],"2048x2048":["https:\/\/xpresspuebla.com\/wp-content\/uploads\/2024\/09\/3.jpg",1249,1042,false]},"uagb_author_info":{"display_name":"xpresspuebla.com","author_link":"https:\/\/xpresspuebla.com\/index.php\/author\/xpresspuebla-com\/"},"uagb_comment_info":0,"uagb_excerpt":"La\u00a0Benem\u00e9rita Universidad Aut\u00f3noma de Puebla\u00a0laz\u00f3 la invitaci\u00f3n para que su comunidad universitaria asista a la bienvenida que realizan cada a\u00f1o con motivo del\u00a0inicio de las clases, adem\u00e1s esta es particular&hellip;","_links":{"self":[{"href":"https:\/\/xpresspuebla.com\/index.php\/wp-json\/wp\/v2\/posts\/4198"}],"collection":[{"href":"https:\/\/xpresspuebla.com\/index.php\/wp-json\/wp\/v2\/posts"}],"about":[{"href":"https:\/\/xpresspuebla.com\/index.php\/wp-json\/wp\/v2\/types\/post"}],"author":[{"embeddable":true,"href":"https:\/\/xpresspuebla.com\/index.php\/wp-json\/wp\/v2\/users\/1"}],"replies":[{"embeddable":true,"href":"https:\/\/xpresspuebla.com\/index.php\/wp-json\/wp\/v2\/comments?post=4198"}],"version-history":[{"count":1,"href":"https:\/\/xpresspuebla.com\/index.php\/wp-json\/wp\/v2\/posts\/4198\/revisions"}],"predecessor-version":[{"id":4199,"href":"https:\/\/xpresspuebla.com\/index.php\/wp-json\/wp\/v2\/posts\/4198\/revisions\/4199"}],"wp:featuredmedia":[{"embeddable":true,"href":"https:\/\/xpresspuebla.com\/index.php\/wp-json\/wp\/v2\/media\/4191"}],"wp:attachment":[{"href":"https:\/\/xpresspuebla.com\/index.php\/wp-json\/wp\/v2\/media?parent=4198"}],"wp:term":[{"taxonomy":"category","embeddable":true,"href":"https:\/\/xpresspuebla.com\/index.php\/wp-json\/wp\/v2\/categories?post=4198"},{"taxonomy":"post_tag","embeddable":true,"href":"https:\/\/xpresspuebla.com\/index.php\/wp-json\/wp\/v2\/tags?post=4198"}],"curies":[{"name":"wp","href":"https:\/\/api.w.org\/{rel}","templated":true}]}}