{"id":4200,"date":"2024-08-10T17:15:51","date_gmt":"2024-08-10T23:15:51","guid":{"rendered":"https:\/\/xpresspuebla.com\/?p=4200"},"modified":"2024-09-01T17:17:04","modified_gmt":"2024-09-01T23:17:04","slug":"asiste-a-la-inauguracion-de-cu2","status":"publish","type":"post","link":"https:\/\/xpresspuebla.com\/index.php\/2024\/08\/10\/asiste-a-la-inauguracion-de-cu2\/","title":{"rendered":"Asiste a la inauguraci\u00f3n de CU2"},"content":{"rendered":"\n<p>Se contar\u00e1 con la presencia de<strong>\u00a0grupos musicales, din\u00e1micas, inflables y diversos puestos de venta<\/strong>\u00a0para que los alumnos pueden disfrutar de esta nueva etapa escolar al lado de los que ser\u00e1n sus compa\u00f1eros y con quienes compartir\u00e1n algunos a\u00f1os durante su<strong>formaci\u00f3n acad\u00e9mica profesional.\u00a0<\/strong><\/p>\n","protected":false},"excerpt":{"rendered":"<p>Se contar\u00e1 con la presencia de\u00a0grupos musicales, din\u00e1micas, inflables y diversos puestos de venta\u00a0para que los alumnos pueden disfrutar de esta nueva etapa escolar al lado de los que ser\u00e1n&hellip; <\/p>\n","protected":false},"author":1,"featured_media":4191,"comment_status":"closed","ping_status":"open","sticky":false,"template":"","format":"standard","meta":{"om_disable_all_campaigns":false,"_uag_custom_page_level_css":"","_monsterinsights_skip_tracking":false,"_monsterinsights_sitenote_active":false,"_monsterinsights_sitenote_note":"","_monsterinsights_sitenote_category":0,"_uf_show_specific_survey":0,"_uf_disable_surveys":false},"categories":[1],"tags":[],"aioseo_notices":[],"uagb_featured_image_src":{"full":["https:\/\/xpresspuebla.com\/wp-content\/uploads\/2024\/09\/3.jpg",1249,1042,false],"thumbnail":["https:\/\/xpresspuebla.com\/wp-content\/uploads\/2024\/09\/3-150x150.jpg",150,150,true],"medium":["https:\/\/xpresspuebla.com\/wp-content\/uploads\/2024\/09\/3-300x250.jpg",300,250,true],"medium_large":["https:\/\/xpresspuebla.com\/wp-content\/uploads\/2024\/09\/3-768x641.jpg",768,641,true],"large":["https:\/\/xpresspuebla.com\/wp-content\/uploads\/2024\/09\/3-1024x854.jpg",1024,854,true],"1536x1536":["https:\/\/xpresspuebla.com\/wp-content\/uploads\/2024\/09\/3.jpg",1249,1042,false],"2048x2048":["https:\/\/xpresspuebla.com\/wp-content\/uploads\/2024\/09\/3.jpg",1249,1042,false]},"uagb_author_info":{"display_name":"xpresspuebla.com","author_link":"https:\/\/xpresspuebla.com\/index.php\/author\/xpresspuebla-com\/"},"uagb_comment_info":0,"uagb_excerpt":"Se contar\u00e1 con la presencia de\u00a0grupos musicales, din\u00e1micas, inflables y diversos puestos de venta\u00a0para que los alumnos pueden disfrutar de esta nueva etapa escolar al lado de los que ser\u00e1n&hellip;","_links":{"self":[{"href":"https:\/\/xpresspuebla.com\/index.php\/wp-json\/wp\/v2\/posts\/4200"}],"collection":[{"href":"https:\/\/xpresspuebla.com\/index.php\/wp-json\/wp\/v2\/posts"}],"about":[{"href":"https:\/\/xpresspuebla.com\/index.php\/wp-json\/wp\/v2\/types\/post"}],"author":[{"embeddable":true,"href":"https:\/\/xpresspuebla.com\/index.php\/wp-json\/wp\/v2\/users\/1"}],"replies":[{"embeddable":true,"href":"https:\/\/xpresspuebla.com\/index.php\/wp-json\/wp\/v2\/comments?post=4200"}],"version-history":[{"count":1,"href":"https:\/\/xpresspuebla.com\/index.php\/wp-json\/wp\/v2\/posts\/4200\/revisions"}],"predecessor-version":[{"id":4201,"href":"https:\/\/xpresspuebla.com\/index.php\/wp-json\/wp\/v2\/posts\/4200\/revisions\/4201"}],"wp:featuredmedia":[{"embeddable":true,"href":"https:\/\/xpresspuebla.com\/index.php\/wp-json\/wp\/v2\/media\/4191"}],"wp:attachment":[{"href":"https:\/\/xpresspuebla.com\/index.php\/wp-json\/wp\/v2\/media?parent=4200"}],"wp:term":[{"taxonomy":"category","embeddable":true,"href":"https:\/\/xpresspuebla.com\/index.php\/wp-json\/wp\/v2\/categories?post=4200"},{"taxonomy":"post_tag","embeddable":true,"href":"https:\/\/xpresspuebla.com\/index.php\/wp-json\/wp\/v2\/tags?post=4200"}],"curies":[{"name":"wp","href":"https:\/\/api.w.org\/{rel}","templated":true}]}}