{"id":4258,"date":"2024-08-11T17:55:26","date_gmt":"2024-08-11T23:55:26","guid":{"rendered":"https:\/\/xpresspuebla.com\/?p=4258"},"modified":"2024-09-01T17:56:20","modified_gmt":"2024-09-01T23:56:20","slug":"fortalece-buap-labor-de-vinculacion-social-a-traves-de-sus-estudiantes","status":"publish","type":"post","link":"https:\/\/xpresspuebla.com\/index.php\/2024\/08\/11\/fortalece-buap-labor-de-vinculacion-social-a-traves-de-sus-estudiantes\/","title":{"rendered":"Fortalece BUAP labor de vinculaci\u00f3n social a trav\u00e9s de sus estudiantes"},"content":{"rendered":"\n<ul>\n<li><strong>Alumnas de la Licenciatura en Qu\u00edmico Farmacobi\u00f3logo<\/strong>&nbsp;<strong>intervendr\u00e1n en la rehabilitaci\u00f3n y mantenimiento de \u00e1reas verdes de un fraccionamiento<\/strong><\/li>\n<\/ul>\n\n\n\n<p>Con la intenci\u00f3n de desarrollar un espacio verde innovador que promueva la sostenibilidad y mejore la calidad de vida de la comunidad del Fraccionamiento Lomas del Valle (Lodeva), estudiantes de la licenciatura en Qu\u00edmico Farmacobi\u00f3logo de la BUAP pondr\u00e1n en marcha un proyecto multidisciplinario de rehabilitaci\u00f3n de \u00e1reas verdes para mejorar el espacio y promover una cultura de la responsabilidad ambiental.<\/p>\n\n\n\n<p>Al dar a conocer el plan de trabajo y los objetivos del proyecto &#8220;Hacia un futuro verde: dise\u00f1o y desarrollo del Parque Sustentable Lomas del Valle\u201d, con el cual realizar\u00e1n sus pr\u00e1cticas profesionales y sustentar\u00e1n su t\u00edtulo universitario,&nbsp; las estudiantes Lizette Xochipiltecatl L\u00f3pez y Valery Guerrero Bardesi expusieron ante vecinos de Lodeva los problemas que enfrenta este jard\u00edn, tras una evaluaci\u00f3n de las necesidades ecol\u00f3gicas y de mantenimiento, lo cual deriv\u00f3 en un plan de trabajo que incluye reforestaci\u00f3n, remediaci\u00f3n de suelos y compostaje, entre otras acciones que se llevar\u00e1n a cabo en 12 meses.<\/p>\n\n\n\n<p>Las alumnas estuvieron acompa\u00f1adas de su asesora, la doctora Ana Marta de los \u00c1ngeles Lobo S\u00e1nchez, as\u00ed como de docentes e investigadores de la Facultad de Ciencias Qu\u00edmicas, Ciencias Biol\u00f3gicas y del Jard\u00edn Bot\u00e1nico de la BUAP, cuyo titular, el doctor Jes\u00fas L\u00f3pez Olgu\u00edn, agradeci\u00f3 a nombre de la Rectora Lilia Cedillo Ram\u00edrez la disposici\u00f3n de la comunidad de este fraccionamiento para trabajar en conjunto con los universitarios.<\/p>\n\n\n\n<p>Record\u00f3 que adem\u00e1s de las actividades sustantivas de la BUAP -docencia, investigaci\u00f3n y difusi\u00f3n de la cultura-, existen ejes transversales como la vinculaci\u00f3n social y este proyecto es un ejemplo de la colaboraci\u00f3n que debe existir entre la universidad y otros sectores.<\/p>\n\n\n\n<p>Por su parte, el representante de la mesa directiva del fraccionamiento, An\u00edbal Ram\u00edrez Guzm\u00e1n, agradeci\u00f3 a la Rectora y a la universidad por fomentar estas intervenciones, a trav\u00e9s de sus estudiantes y profesores, quienes aplican desde una visi\u00f3n cient\u00edfica acciones que impactan significativamente tanto a nivel ambiental como social.<\/p>\n","protected":false},"excerpt":{"rendered":"<p>Con la intenci\u00f3n de desarrollar un espacio verde innovador que promueva la sostenibilidad y mejore la calidad de vida de la comunidad del Fraccionamiento Lomas del Valle (Lodeva), estudiantes de&hellip; <\/p>\n","protected":false},"author":1,"featured_media":4259,"comment_status":"closed","ping_status":"open","sticky":false,"template":"","format":"standard","meta":{"om_disable_all_campaigns":false,"_uag_custom_page_level_css":"","_monsterinsights_skip_tracking":false,"_monsterinsights_sitenote_active":false,"_monsterinsights_sitenote_note":"","_monsterinsights_sitenote_category":0,"_uf_show_specific_survey":0,"_uf_disable_surveys":false},"categories":[1],"tags":[],"aioseo_notices":[],"uagb_featured_image_src":{"full":["https:\/\/xpresspuebla.com\/wp-content\/uploads\/2024\/09\/A_ValleVerde.jpg",640,427,false],"thumbnail":["https:\/\/xpresspuebla.com\/wp-content\/uploads\/2024\/09\/A_ValleVerde-150x150.jpg",150,150,true],"medium":["https:\/\/xpresspuebla.com\/wp-content\/uploads\/2024\/09\/A_ValleVerde-300x200.jpg",300,200,true],"medium_large":["https:\/\/xpresspuebla.com\/wp-content\/uploads\/2024\/09\/A_ValleVerde.jpg",640,427,false],"large":["https:\/\/xpresspuebla.com\/wp-content\/uploads\/2024\/09\/A_ValleVerde.jpg",640,427,false],"1536x1536":["https:\/\/xpresspuebla.com\/wp-content\/uploads\/2024\/09\/A_ValleVerde.jpg",640,427,false],"2048x2048":["https:\/\/xpresspuebla.com\/wp-content\/uploads\/2024\/09\/A_ValleVerde.jpg",640,427,false]},"uagb_author_info":{"display_name":"xpresspuebla.com","author_link":"https:\/\/xpresspuebla.com\/index.php\/author\/xpresspuebla-com\/"},"uagb_comment_info":0,"uagb_excerpt":"Con la intenci\u00f3n de desarrollar un espacio verde innovador que promueva la sostenibilidad y mejore la calidad de vida de la comunidad del Fraccionamiento Lomas del Valle (Lodeva), estudiantes de&hellip;","_links":{"self":[{"href":"https:\/\/xpresspuebla.com\/index.php\/wp-json\/wp\/v2\/posts\/4258"}],"collection":[{"href":"https:\/\/xpresspuebla.com\/index.php\/wp-json\/wp\/v2\/posts"}],"about":[{"href":"https:\/\/xpresspuebla.com\/index.php\/wp-json\/wp\/v2\/types\/post"}],"author":[{"embeddable":true,"href":"https:\/\/xpresspuebla.com\/index.php\/wp-json\/wp\/v2\/users\/1"}],"replies":[{"embeddable":true,"href":"https:\/\/xpresspuebla.com\/index.php\/wp-json\/wp\/v2\/comments?post=4258"}],"version-history":[{"count":1,"href":"https:\/\/xpresspuebla.com\/index.php\/wp-json\/wp\/v2\/posts\/4258\/revisions"}],"predecessor-version":[{"id":4260,"href":"https:\/\/xpresspuebla.com\/index.php\/wp-json\/wp\/v2\/posts\/4258\/revisions\/4260"}],"wp:featuredmedia":[{"embeddable":true,"href":"https:\/\/xpresspuebla.com\/index.php\/wp-json\/wp\/v2\/media\/4259"}],"wp:attachment":[{"href":"https:\/\/xpresspuebla.com\/index.php\/wp-json\/wp\/v2\/media?parent=4258"}],"wp:term":[{"taxonomy":"category","embeddable":true,"href":"https:\/\/xpresspuebla.com\/index.php\/wp-json\/wp\/v2\/categories?post=4258"},{"taxonomy":"post_tag","embeddable":true,"href":"https:\/\/xpresspuebla.com\/index.php\/wp-json\/wp\/v2\/tags?post=4258"}],"curies":[{"name":"wp","href":"https:\/\/api.w.org\/{rel}","templated":true}]}}