{"id":4261,"date":"2024-08-12T17:56:26","date_gmt":"2024-08-12T23:56:26","guid":{"rendered":"https:\/\/xpresspuebla.com\/?p=4261"},"modified":"2024-09-01T17:57:00","modified_gmt":"2024-09-01T23:57:00","slug":"inicia-en-la-buap-la-primera-escuela-internacional-de-verano-de-luminiscencia-y-materiales-opticos","status":"publish","type":"post","link":"https:\/\/xpresspuebla.com\/index.php\/2024\/08\/12\/inicia-en-la-buap-la-primera-escuela-internacional-de-verano-de-luminiscencia-y-materiales-opticos\/","title":{"rendered":"Inicia en la BUAP la Primera Escuela Internacional de Verano de Luminiscencia y Materiales \u00d3pticos"},"content":{"rendered":"\n<ul>\n<li><strong>Del 12 al 14 de agosto, en el auditorio de la Aduana Vieja del ICSyH<\/strong><\/li>\n<\/ul>\n\n\n\n<p>La luz, en particular la luminiscencia, es objeto de investigaci\u00f3n desde finales del siglo XIX. A m\u00e1s de un siglo, sus aplicaciones se han diversificado en nuevas \u00e1reas de desarrollo, como nuevas t\u00e9cnicas de imagenolog\u00eda y terapia, aplicaciones en la computaci\u00f3n cu\u00e1ntica y en la creaci\u00f3n de materiales y tecnolog\u00edas m\u00e1s sostenibles y eficientes en t\u00e9rminos energ\u00e9ticos, asegur\u00f3 Ygnacio Mart\u00ednez Laguna, vicerrector de Investigaci\u00f3n y Estudios de Posgrado, al inaugurar la Primera Escuela Internacional de Verano de Luminiscencia y Materiales \u00d3pticos en la BUAP.<\/p>\n\n\n\n<p>Por lo anterior, dijo, \u201cel estudio de la luminiscencia se convierte en un tema fundamental en el quehacer de la ciencia; celebramos que en la universidad se destinen los esfuerzos para la realizaci\u00f3n de esta primera escuela de verano, a trav\u00e9s de la cual se fomentar\u00e1 el intercambio de conocimiento y de mejores pr\u00e1cticas en esta disciplina\u201d.<\/p>\n\n\n\n<p>Rosendo Lozada Morales y Salvador Carmona T\u00e9llez, investigadores de la Facultad de Ciencias F\u00edsico Matem\u00e1ticas y organizadores del evento, comentaron que el objetivo de la citada escuela es impulsar esta l\u00ednea de investigaci\u00f3n en la BUAP, al tiempo de establecer un trabajo colaborativo, inter y transdisciplinario entre pares acad\u00e9micos de M\u00e9xico y otros pa\u00edses.<\/p>\n\n\n\n<p>\u201cEs un esfuerzo por generar internacionalizaci\u00f3n, ya que el cometido es realizar este tipo de eventos de manera recurrente y atraer estudiantes e investigadores del interior de la Rep\u00fablica Mexicana y el extranjero\u201d, expusieron los integrantes de la Divisi\u00f3n de Materiales Luminiscentes Avanzados del Cuerpo Acad\u00e9mico F\u00edsica de Materiales.<\/p>\n\n\n\n<p>En este encuentro que se realiza del 12 al 14 de agosto, en el auditorio de la Aduana Vieja del ICSyH, participan ponentes de Polonia, Italia, Espa\u00f1a y M\u00e9xico, entre ellos Rafael Abargues, de la Universidad de Valencia; Dominik Dorosz, de la AGH Universidad de Ciencia y Tecnolog\u00eda, de Cracovia; Ciro Falcony, del Centro de Investigaci\u00f3n y de Estudios Avanzados del Instituto Polit\u00e9cnico Nacional; y Maurizio Ferrari, del Instituto de Fot\u00f3nica y Nanotecnolog\u00eda del Consejo Nacional de Investigaci\u00f3n.<\/p>\n\n\n\n<p>Las conferencias abordar\u00e1n la s\u00edntesis y aplicaciones de materiales semiconductores emergentes, materiales \u00f3pticos activos para fibras \u00f3pticas, la bioluminiscencia estimulada, la fot\u00f3nica del vidrio, el desarrollo de materiales para iluminaci\u00f3n y captaci\u00f3n de energ\u00eda solar, las propiedades \u00f3pticas y dispositivos de emisi\u00f3n de luz de perovskitas de halogenuros met\u00e1licos, entre otros temas.<\/p>\n\n\n\n<p>En la inauguraci\u00f3n de la Primera Escuela Internacional de Verano de Luminiscencia y Materiales \u00d3pticos tambi\u00e9n asistieron Martha Alicia Palomino Ovando, directora de la FCFM, y Giuseppe Lo Brutto, director del Instituto de Ciencias Sociales y Humanidades \u201cAlfonso V\u00e9lez Pliego\u201d.<\/p>\n\n\n\n<p>E<\/p>\n","protected":false},"excerpt":{"rendered":"<p>La luz, en particular la luminiscencia, es objeto de investigaci\u00f3n desde finales del siglo XIX. A m\u00e1s de un siglo, sus aplicaciones se han diversificado en nuevas \u00e1reas de desarrollo,&hellip; <\/p>\n","protected":false},"author":1,"featured_media":4262,"comment_status":"closed","ping_status":"open","sticky":false,"template":"","format":"standard","meta":{"om_disable_all_campaigns":false,"_uag_custom_page_level_css":"","_monsterinsights_skip_tracking":false,"_monsterinsights_sitenote_active":false,"_monsterinsights_sitenote_note":"","_monsterinsights_sitenote_category":0,"_uf_show_specific_survey":0,"_uf_disable_surveys":false},"categories":[1],"tags":[],"aioseo_notices":[],"uagb_featured_image_src":{"full":["https:\/\/xpresspuebla.com\/wp-content\/uploads\/2024\/09\/A_FCFM_75.jpg",640,427,false],"thumbnail":["https:\/\/xpresspuebla.com\/wp-content\/uploads\/2024\/09\/A_FCFM_75-150x150.jpg",150,150,true],"medium":["https:\/\/xpresspuebla.com\/wp-content\/uploads\/2024\/09\/A_FCFM_75-300x200.jpg",300,200,true],"medium_large":["https:\/\/xpresspuebla.com\/wp-content\/uploads\/2024\/09\/A_FCFM_75.jpg",640,427,false],"large":["https:\/\/xpresspuebla.com\/wp-content\/uploads\/2024\/09\/A_FCFM_75.jpg",640,427,false],"1536x1536":["https:\/\/xpresspuebla.com\/wp-content\/uploads\/2024\/09\/A_FCFM_75.jpg",640,427,false],"2048x2048":["https:\/\/xpresspuebla.com\/wp-content\/uploads\/2024\/09\/A_FCFM_75.jpg",640,427,false]},"uagb_author_info":{"display_name":"xpresspuebla.com","author_link":"https:\/\/xpresspuebla.com\/index.php\/author\/xpresspuebla-com\/"},"uagb_comment_info":0,"uagb_excerpt":"La luz, en particular la luminiscencia, es objeto de investigaci\u00f3n desde finales del siglo XIX. A m\u00e1s de un siglo, sus aplicaciones se han diversificado en nuevas \u00e1reas de desarrollo,&hellip;","_links":{"self":[{"href":"https:\/\/xpresspuebla.com\/index.php\/wp-json\/wp\/v2\/posts\/4261"}],"collection":[{"href":"https:\/\/xpresspuebla.com\/index.php\/wp-json\/wp\/v2\/posts"}],"about":[{"href":"https:\/\/xpresspuebla.com\/index.php\/wp-json\/wp\/v2\/types\/post"}],"author":[{"embeddable":true,"href":"https:\/\/xpresspuebla.com\/index.php\/wp-json\/wp\/v2\/users\/1"}],"replies":[{"embeddable":true,"href":"https:\/\/xpresspuebla.com\/index.php\/wp-json\/wp\/v2\/comments?post=4261"}],"version-history":[{"count":1,"href":"https:\/\/xpresspuebla.com\/index.php\/wp-json\/wp\/v2\/posts\/4261\/revisions"}],"predecessor-version":[{"id":4263,"href":"https:\/\/xpresspuebla.com\/index.php\/wp-json\/wp\/v2\/posts\/4261\/revisions\/4263"}],"wp:featuredmedia":[{"embeddable":true,"href":"https:\/\/xpresspuebla.com\/index.php\/wp-json\/wp\/v2\/media\/4262"}],"wp:attachment":[{"href":"https:\/\/xpresspuebla.com\/index.php\/wp-json\/wp\/v2\/media?parent=4261"}],"wp:term":[{"taxonomy":"category","embeddable":true,"href":"https:\/\/xpresspuebla.com\/index.php\/wp-json\/wp\/v2\/categories?post=4261"},{"taxonomy":"post_tag","embeddable":true,"href":"https:\/\/xpresspuebla.com\/index.php\/wp-json\/wp\/v2\/tags?post=4261"}],"curies":[{"name":"wp","href":"https:\/\/api.w.org\/{rel}","templated":true}]}}