{"id":4390,"date":"2024-09-08T22:16:55","date_gmt":"2024-09-09T04:16:55","guid":{"rendered":"https:\/\/xpresspuebla.com\/?p=4390"},"modified":"2024-09-25T22:17:42","modified_gmt":"2024-09-26T04:17:42","slug":"celebra-buap-su-tradicional-carrera-universitaria-2024","status":"publish","type":"post","link":"https:\/\/xpresspuebla.com\/index.php\/2024\/09\/08\/celebra-buap-su-tradicional-carrera-universitaria-2024\/","title":{"rendered":"Celebra BUAP su tradicional Carrera Universitaria 2024"},"content":{"rendered":"\n<ul>\n<li><strong>Miles de universitarios y p\u00fablico en general participaron en este evento deportivo que tuvo lugar en horario diurno, dentro de las instalaciones de CU<\/strong><\/li>\n<\/ul>\n\n\n\n<p>Poco m\u00e1s de 30 mil participantes, entre estudiantes<strong>,<\/strong>&nbsp;acad\u00e9micos y administrativos de la instituci\u00f3n, as\u00ed como p\u00fablico en general, se dieron cita el s\u00e1bado 7 de septiembre en Ciudad Universitaria, para participar en la tradicional Carrera Universitaria, cuyo banderazo de salida dio la Rectora Mar\u00eda Lilia Cedillo, quien se sum\u00f3 a esta fiesta deportiva.<\/p>\n\n\n\n<p>En punto de las 8:00 horas, frente a la explanada de la Torre de Gesti\u00f3n Acad\u00e9mica y Servicios Administrativos se instalaron los corredores para iniciar un trayecto de 6.5 kil\u00f3metros y culminar en el Estadio Universitario.<\/p>\n\n\n\n<p>La Carrera Universitaria 2024 tuvo lugar en el marco conmemorativo del 30 aniversario de la Direcci\u00f3n de Deporte y Cultura F\u00edsica y por segundo a\u00f1o consecutivo se realiz\u00f3 en horario diurno. En el recorrido se cont\u00f3 con m\u00f3dulos de hidrataci\u00f3n para los participantes, as\u00ed como grupos musicales que animaron el evento.<\/p>\n\n\n\n<p>Las categor\u00edas fueron: libre, alumnos y trabajadores BUAP; en las ramas varonil y femenil. A los primeros 2 mil corredores en cruzar la meta se les otorg\u00f3 una medalla conmemorativa con la letra A, la tercera de una serie consecutiva para formar la palabra BUAP.<\/p>\n\n\n\n<p>En la categor\u00eda alumnos, rama varonil, los tres primeros lugares correspondieron, en este orden, a Iv\u00e1n Guillermo Ortiz Cabrera, de la Facultad de Cultura F\u00edsica; Ricardo de Jes\u00fas Franco, de la Facultad de Ingenier\u00eda Qu\u00edmica; y Roberto C\u00e1zares Miranda, del Bachillerato 5 de Mayo.<\/p>\n\n\n\n<p>En la rama femenil, Karen Abigail Dur\u00e1n Ju\u00e1rez, de la Preparatoria Emiliano Zapata obtuvo el primer lugar; Yuliana Figueroa Gonz\u00e1lez, de la Facultad de Ciencias de la Electr\u00f3nica, el segundo lugar; y Andrea Flores Ramos, de la Facultad de Medicina, el tercer lugar.<\/p>\n\n\n\n<p>Acompa\u00f1aron a la Rectora Mar\u00eda Lilia Cedillo Ram\u00edrez, el secretario de Gobernaci\u00f3n del estado, Javier Aquino Lim\u00f3n; y por parte de la BUAP, &nbsp;el secretario General, Jos\u00e9 Manuel Alonso Orozco; el vicerrector de Extensi\u00f3n y Difusi\u00f3n de la Cultura, Jos\u00e9 Carlos Bernal Su\u00e1rez; el coordinador General de Atenci\u00f3n a los Universitarios, Jorge Avelino Sol\u00eds; y el director de la Preparatoria Regional Sim\u00f3n Bol\u00edvar de Atlixco, David Aguilar Moctezuma.<\/p>\n\n\n\n<p>J<\/p>\n","protected":false},"excerpt":{"rendered":"<p>Poco m\u00e1s de 30 mil participantes, entre estudiantes,&nbsp;acad\u00e9micos y administrativos de la instituci\u00f3n, as\u00ed como p\u00fablico en general, se dieron cita el s\u00e1bado 7 de septiembre en Ciudad Universitaria, para&hellip; <\/p>\n","protected":false},"author":1,"featured_media":4391,"comment_status":"closed","ping_status":"open","sticky":false,"template":"","format":"standard","meta":{"om_disable_all_campaigns":false,"_uag_custom_page_level_css":"","_monsterinsights_skip_tracking":false,"_monsterinsights_sitenote_active":false,"_monsterinsights_sitenote_note":"","_monsterinsights_sitenote_category":0,"_uf_show_specific_survey":0,"_uf_disable_surveys":false},"categories":[1],"tags":[],"aioseo_notices":[],"uagb_featured_image_src":{"full":["https:\/\/xpresspuebla.com\/wp-content\/uploads\/2024\/09\/01_ACarrera24.jpg",640,427,false],"thumbnail":["https:\/\/xpresspuebla.com\/wp-content\/uploads\/2024\/09\/01_ACarrera24-150x150.jpg",150,150,true],"medium":["https:\/\/xpresspuebla.com\/wp-content\/uploads\/2024\/09\/01_ACarrera24-300x200.jpg",300,200,true],"medium_large":["https:\/\/xpresspuebla.com\/wp-content\/uploads\/2024\/09\/01_ACarrera24.jpg",640,427,false],"large":["https:\/\/xpresspuebla.com\/wp-content\/uploads\/2024\/09\/01_ACarrera24.jpg",640,427,false],"1536x1536":["https:\/\/xpresspuebla.com\/wp-content\/uploads\/2024\/09\/01_ACarrera24.jpg",640,427,false],"2048x2048":["https:\/\/xpresspuebla.com\/wp-content\/uploads\/2024\/09\/01_ACarrera24.jpg",640,427,false]},"uagb_author_info":{"display_name":"xpresspuebla.com","author_link":"https:\/\/xpresspuebla.com\/index.php\/author\/xpresspuebla-com\/"},"uagb_comment_info":0,"uagb_excerpt":"Poco m\u00e1s de 30 mil participantes, entre estudiantes,&nbsp;acad\u00e9micos y administrativos de la instituci\u00f3n, as\u00ed como p\u00fablico en general, se dieron cita el s\u00e1bado 7 de septiembre en Ciudad Universitaria, para&hellip;","_links":{"self":[{"href":"https:\/\/xpresspuebla.com\/index.php\/wp-json\/wp\/v2\/posts\/4390"}],"collection":[{"href":"https:\/\/xpresspuebla.com\/index.php\/wp-json\/wp\/v2\/posts"}],"about":[{"href":"https:\/\/xpresspuebla.com\/index.php\/wp-json\/wp\/v2\/types\/post"}],"author":[{"embeddable":true,"href":"https:\/\/xpresspuebla.com\/index.php\/wp-json\/wp\/v2\/users\/1"}],"replies":[{"embeddable":true,"href":"https:\/\/xpresspuebla.com\/index.php\/wp-json\/wp\/v2\/comments?post=4390"}],"version-history":[{"count":1,"href":"https:\/\/xpresspuebla.com\/index.php\/wp-json\/wp\/v2\/posts\/4390\/revisions"}],"predecessor-version":[{"id":4392,"href":"https:\/\/xpresspuebla.com\/index.php\/wp-json\/wp\/v2\/posts\/4390\/revisions\/4392"}],"wp:featuredmedia":[{"embeddable":true,"href":"https:\/\/xpresspuebla.com\/index.php\/wp-json\/wp\/v2\/media\/4391"}],"wp:attachment":[{"href":"https:\/\/xpresspuebla.com\/index.php\/wp-json\/wp\/v2\/media?parent=4390"}],"wp:term":[{"taxonomy":"category","embeddable":true,"href":"https:\/\/xpresspuebla.com\/index.php\/wp-json\/wp\/v2\/categories?post=4390"},{"taxonomy":"post_tag","embeddable":true,"href":"https:\/\/xpresspuebla.com\/index.php\/wp-json\/wp\/v2\/tags?post=4390"}],"curies":[{"name":"wp","href":"https:\/\/api.w.org\/{rel}","templated":true}]}}