{"id":4405,"date":"2024-09-12T22:29:36","date_gmt":"2024-09-13T04:29:36","guid":{"rendered":"https:\/\/xpresspuebla.com\/?p=4405"},"modified":"2024-09-25T22:30:31","modified_gmt":"2024-09-26T04:30:31","slug":"inauguran-en-la-buap-el-primer-congreso-internacional-de-podologos-colegiados","status":"publish","type":"post","link":"https:\/\/xpresspuebla.com\/index.php\/2024\/09\/12\/inauguran-en-la-buap-el-primer-congreso-internacional-de-podologos-colegiados\/","title":{"rendered":"Inauguran en la BUAP el Primer Congreso Internacional de Pod\u00f3logos Colegiados"},"content":{"rendered":"\n<ul>\n<li><strong>Del 12 al 14 de septiembre, especialistas se reunir\u00e1n para impulsar su liderazgo y profesionalizaci\u00f3n<\/strong><\/li>\n<\/ul>\n\n\n\n<p>Con la intenci\u00f3n de impulsar el liderazgo del pod\u00f3logo en los programas de prevenci\u00f3n, diagn\u00f3stico, tratamiento oportuno y rehabilitaci\u00f3n de los pies, as\u00ed como su profesionalizaci\u00f3n, se inaugur\u00f3 en el auditorio Julio Glockner de la BUAP, el Primer Congreso Internacional de Pod\u00f3logos Colegiados, a celebrarse del 12 al 14 de septiembre.&nbsp;<\/p>\n\n\n\n<p>Durante la inauguraci\u00f3n de este encuentro organizado por el Colegio Mexicano de Pod\u00f3logos Siglo XXI (Comepod), la coordinadora de la Unidad de Gesti\u00f3n del \u00c1rea de la Salud Universitaria, \u00c9rika P\u00e9rez Noriega, destac\u00f3 que los resultados del encuentro ser\u00e1n la punta de lanza para consolidar esta importante disciplina.<\/p>\n\n\n\n<p>\u201cLa BUAP reconoce la relevancia de la podolog\u00eda, al elevarla a licenciatura, hecho que adem\u00e1s de ser un reconocimiento, constituye un valor agregado a quienes se dedican a esta profesi\u00f3n; esperamos que estos trabajos sirvan para motivar a los especialistas en el \u00e1rea para que act\u00faen en beneficio de los pacientes y contin\u00fae su profesionalizaci\u00f3n\u201d, coment\u00f3.<\/p>\n\n\n\n<p>El presidente del Colegio Mexicano de Pod\u00f3logos Siglo XXI, Carlos Gurrola Togasi, destac\u00f3 que las actividades se ajustan a los programas de educaci\u00f3n continua, as\u00ed como a la regulaci\u00f3n del ejercicio profesional de esta disciplina de atenci\u00f3n m\u00e9dica en M\u00e9xico.&nbsp;<\/p>\n\n\n\n<p>A\u00f1adi\u00f3 que tambi\u00e9n buscan incrementar la vinculaci\u00f3n para dar paso a convenios con instituciones educativas nacionales y extranjeras, estrechar lazos y futuras colaboraciones. Adem\u00e1s de promover la prevenci\u00f3n en el cuidado de los pies de las personas diab\u00e9ticas.&nbsp;<\/p>\n\n\n\n<p>Cabe recordar que la BUAP fue la primera instituci\u00f3n de educaci\u00f3n superior en Latinoam\u00e9rica en ofrecer un programa educativo en el \u00e1rea, a nivel t\u00e9cnico, y recientemente el Consejo Universitario aprob\u00f3 la creaci\u00f3n de la licenciatura, como muestra de su importancia en la salud. Hoy en d\u00eda, el pod\u00f3logo se enfoca en la evaluaci\u00f3n integral del paciente, desde su postura, hasta la biomec\u00e1nica del cuerpo.&nbsp;<\/p>\n\n\n\n<p>D<\/p>\n","protected":false},"excerpt":{"rendered":"<p>Con la intenci\u00f3n de impulsar el liderazgo del pod\u00f3logo en los programas de prevenci\u00f3n, diagn\u00f3stico, tratamiento oportuno y rehabilitaci\u00f3n de los pies, as\u00ed como su profesionalizaci\u00f3n, se inaugur\u00f3 en el&hellip; <\/p>\n","protected":false},"author":1,"featured_media":4406,"comment_status":"closed","ping_status":"open","sticky":false,"template":"","format":"standard","meta":{"om_disable_all_campaigns":false,"_uag_custom_page_level_css":"","_monsterinsights_skip_tracking":false,"_monsterinsights_sitenote_active":false,"_monsterinsights_sitenote_note":"","_monsterinsights_sitenote_category":0,"_uf_show_specific_survey":0,"_uf_disable_surveys":false},"categories":[1],"tags":[],"aioseo_notices":[],"uagb_featured_image_src":{"full":["https:\/\/xpresspuebla.com\/wp-content\/uploads\/2024\/09\/1_ACOMEPOD.jpg",640,320,false],"thumbnail":["https:\/\/xpresspuebla.com\/wp-content\/uploads\/2024\/09\/1_ACOMEPOD-150x150.jpg",150,150,true],"medium":["https:\/\/xpresspuebla.com\/wp-content\/uploads\/2024\/09\/1_ACOMEPOD-300x150.jpg",300,150,true],"medium_large":["https:\/\/xpresspuebla.com\/wp-content\/uploads\/2024\/09\/1_ACOMEPOD.jpg",640,320,false],"large":["https:\/\/xpresspuebla.com\/wp-content\/uploads\/2024\/09\/1_ACOMEPOD.jpg",640,320,false],"1536x1536":["https:\/\/xpresspuebla.com\/wp-content\/uploads\/2024\/09\/1_ACOMEPOD.jpg",640,320,false],"2048x2048":["https:\/\/xpresspuebla.com\/wp-content\/uploads\/2024\/09\/1_ACOMEPOD.jpg",640,320,false]},"uagb_author_info":{"display_name":"xpresspuebla.com","author_link":"https:\/\/xpresspuebla.com\/index.php\/author\/xpresspuebla-com\/"},"uagb_comment_info":0,"uagb_excerpt":"Con la intenci\u00f3n de impulsar el liderazgo del pod\u00f3logo en los programas de prevenci\u00f3n, diagn\u00f3stico, tratamiento oportuno y rehabilitaci\u00f3n de los pies, as\u00ed como su profesionalizaci\u00f3n, se inaugur\u00f3 en el&hellip;","_links":{"self":[{"href":"https:\/\/xpresspuebla.com\/index.php\/wp-json\/wp\/v2\/posts\/4405"}],"collection":[{"href":"https:\/\/xpresspuebla.com\/index.php\/wp-json\/wp\/v2\/posts"}],"about":[{"href":"https:\/\/xpresspuebla.com\/index.php\/wp-json\/wp\/v2\/types\/post"}],"author":[{"embeddable":true,"href":"https:\/\/xpresspuebla.com\/index.php\/wp-json\/wp\/v2\/users\/1"}],"replies":[{"embeddable":true,"href":"https:\/\/xpresspuebla.com\/index.php\/wp-json\/wp\/v2\/comments?post=4405"}],"version-history":[{"count":1,"href":"https:\/\/xpresspuebla.com\/index.php\/wp-json\/wp\/v2\/posts\/4405\/revisions"}],"predecessor-version":[{"id":4407,"href":"https:\/\/xpresspuebla.com\/index.php\/wp-json\/wp\/v2\/posts\/4405\/revisions\/4407"}],"wp:featuredmedia":[{"embeddable":true,"href":"https:\/\/xpresspuebla.com\/index.php\/wp-json\/wp\/v2\/media\/4406"}],"wp:attachment":[{"href":"https:\/\/xpresspuebla.com\/index.php\/wp-json\/wp\/v2\/media?parent=4405"}],"wp:term":[{"taxonomy":"category","embeddable":true,"href":"https:\/\/xpresspuebla.com\/index.php\/wp-json\/wp\/v2\/categories?post=4405"},{"taxonomy":"post_tag","embeddable":true,"href":"https:\/\/xpresspuebla.com\/index.php\/wp-json\/wp\/v2\/tags?post=4405"}],"curies":[{"name":"wp","href":"https:\/\/api.w.org\/{rel}","templated":true}]}}