{"id":4788,"date":"2024-11-08T12:17:39","date_gmt":"2024-11-08T18:17:39","guid":{"rendered":"https:\/\/xpresspuebla.com\/?p=4788"},"modified":"2024-11-26T12:18:31","modified_gmt":"2024-11-26T18:18:31","slug":"rumania-una-nacion-interesada-en-el-intercambio-academico-con-la-buap","status":"publish","type":"post","link":"https:\/\/xpresspuebla.com\/index.php\/2024\/11\/08\/rumania-una-nacion-interesada-en-el-intercambio-academico-con-la-buap\/","title":{"rendered":"Rumania, una naci\u00f3n interesada en el intercambio acad\u00e9mico con la BUAP"},"content":{"rendered":"\n<ul>\n<li><strong>Imparte conferencia embajador de este pa\u00eds en M\u00e9xico, Marius Gabriel Lazurca<\/strong><\/li>\n<\/ul>\n\n\n\n<p>\u201c\u00bfPor qu\u00e9 prosperan las naciones? El caso de Rumania\u201d fue el t\u00edtulo de la conferencia que imparti\u00f3 el embajador de este pa\u00eds en M\u00e9xico, Marius Gabriel Lazurca, ante estudiantes de la carrera de Relaciones Internacionales, de la Facultad de Ciencias Pol\u00edticas y Sociales de la BUAP, en la que expuso la transici\u00f3n del modelo pol\u00edtico y econ\u00f3mico, para pasar de ser una naci\u00f3n subdesarrollada a desarrollada en los \u00faltimos 30 a\u00f1os.<\/p>\n\n\n\n<p>Durante la charla, el embajador de Rumania afirm\u00f3 que en general los europeos mantienen altos \u00edndices de satisfacci\u00f3n en su modo de vida, encabezando esta lista los finlandeses, mientras que los rumanos ocupan el segundo lugar, posici\u00f3n que comparten con belgas, austriacos, eslovenos y holandeses.<\/p>\n\n\n\n<p>Al asegurar que se puede decir mucho de un pa\u00eds desde \u00e1ngulos diferentes, el excelent\u00edsimo Marius Gabriel Lazurca construy\u00f3 para los asistentes el perfil de Rumania, desde la visi\u00f3n de la Uni\u00f3n Europea (UE).<\/p>\n\n\n\n<p>\u201cEn retrospectiva, no nos equivocamos al definir al proyecto de la UE como un \u00e9xito. En primer lugar, porque las grandes rivalidades hist\u00f3ricas continentales no han provocado un nuevo conflicto entre los estados miembros en los \u00faltimos 70 a\u00f1os, aunque haya guerras en las zonas fronterizas de la UE. Por lo tanto, se puede afirmar que, a diferencia de todo el periodo hist\u00f3rico anterior al tratado de Roma, los estados europeos m\u00e1s importantes comparten hoy visiones y objetivos estrat\u00e9gicos comunes\u201d.<\/p>\n\n\n\n<p>A\u00f1adi\u00f3 que la UE tambi\u00e9n supo sortear con \u00e9xito la Guerra Fr\u00eda, adem\u00e1s de lograr la democratizaci\u00f3n de los antiguos reg\u00edmenes autoritarios de Europa Central y Oriental. Se\u00f1al\u00f3 que hoy la UE es una estrecha asociaci\u00f3n de 27 pa\u00edses, los cuales toman decisiones conjuntas, estableciendo la libertad de circulaci\u00f3n de personas, capitales, bienes y servicios con valores democr\u00e1ticos compartidos.<\/p>\n\n\n\n<p>Con m\u00e1s de 446 millones de habitantes, 24 idiomas y casi 14 mil universidades, destac\u00f3 la gran diversidad cultural que implica la UE, la cual dijo, es un centro importante de generaci\u00f3n de conocimiento y desarrollo tecnol\u00f3gico, concentrando 34 por ciento del total de patentes cient\u00edficas generadas en el mundo, frente al 25 por ciento de EEUU y el 10 por ciento de China.<\/p>\n\n\n\n<p>Marius Gabriel Lazurca destac\u00f3 que la adhesi\u00f3n de su pa\u00eds a la UE, iniciada en 1999, fue una de las v\u00edas para lograr el crecimiento que ahora tienen, pero tambi\u00e9n otros aspectos relevantes, como la consolidaci\u00f3n del estado de Derecho, la separaci\u00f3n de los poderes y el impedimento de la concentraci\u00f3n del poder; as\u00ed tambi\u00e9n, el mantenimiento de las instituciones independientes, encargadas de dar cumplimiento a las leyes y al ejercicio de derechos ciudadanos y humanos, as\u00ed como la separaci\u00f3n y autonom\u00eda de la econom\u00eda con relaci\u00f3n a la pol\u00edtica del pa\u00eds.<\/p>\n\n\n\n<p>Al concluir, el embajador mencion\u00f3 que Rumania supo aprovechar su pertenencia a la UE y aunque inici\u00f3 con una desventaja econ\u00f3mica, logr\u00f3 estabilidad y prosperidad a favor de su poblaci\u00f3n. Como respuesta a dudas de los estudiantes, destac\u00f3 la relaci\u00f3n bilateral con M\u00e9xico y la importancia que tienen los convenios en materia de intercambio acad\u00e9mico, pero tambi\u00e9n comercial.<\/p>\n\n\n\n<p>\u201cHay 12 mil kil\u00f3metros entre nuestros pa\u00edses, hablamos dos idiomas de la misma ra\u00edz, pero tambi\u00e9n tenemos una enorme distancia en informaci\u00f3n. Esta ponencia busca que se aumente el conocimiento rec\u00edproco. Rumania mantiene un sistema de becas de movilidad acad\u00e9mica y existe una gran apertura e inter\u00e9s para esta cooperaci\u00f3n acad\u00e9mica. Ofrecemos becas, educaci\u00f3n gratuita y el derecho de trabajo para estudiantes de movilidad; es decir, creamos las condiciones para este intercambio acad\u00e9mico y cultural\u201d.<\/p>\n\n\n\n<p>Marius Gabriel Lazurca tiene experiencia en diplomacia multilateral. Asumi\u00f3 el mandato de Embajador de Rumania en M\u00e9xico en 2021 y se ha desempe\u00f1ado sucesivamente como Embajador de Rumania ante la Santa Sede y la Soberana Orden Militar de Malta, en la Rep\u00fablica de Moldavia y Hungr\u00eda.<\/p>\n","protected":false},"excerpt":{"rendered":"<p>\u201c\u00bfPor qu\u00e9 prosperan las naciones? El caso de Rumania\u201d fue el t\u00edtulo de la conferencia que imparti\u00f3 el embajador de este pa\u00eds en M\u00e9xico, Marius Gabriel Lazurca, ante estudiantes de&hellip; <\/p>\n","protected":false},"author":1,"featured_media":4789,"comment_status":"closed","ping_status":"open","sticky":false,"template":"","format":"standard","meta":{"om_disable_all_campaigns":false,"_uag_custom_page_level_css":"","_monsterinsights_skip_tracking":false,"_monsterinsights_sitenote_active":false,"_monsterinsights_sitenote_note":"","_monsterinsights_sitenote_category":0,"_uf_show_specific_survey":0,"_uf_disable_surveys":false},"categories":[1],"tags":[],"aioseo_notices":[],"uagb_featured_image_src":{"full":["https:\/\/xpresspuebla.com\/wp-content\/uploads\/2024\/11\/1A_Conferencia_0.jpg",640,427,false],"thumbnail":["https:\/\/xpresspuebla.com\/wp-content\/uploads\/2024\/11\/1A_Conferencia_0-150x150.jpg",150,150,true],"medium":["https:\/\/xpresspuebla.com\/wp-content\/uploads\/2024\/11\/1A_Conferencia_0-300x200.jpg",300,200,true],"medium_large":["https:\/\/xpresspuebla.com\/wp-content\/uploads\/2024\/11\/1A_Conferencia_0.jpg",640,427,false],"large":["https:\/\/xpresspuebla.com\/wp-content\/uploads\/2024\/11\/1A_Conferencia_0.jpg",640,427,false],"1536x1536":["https:\/\/xpresspuebla.com\/wp-content\/uploads\/2024\/11\/1A_Conferencia_0.jpg",640,427,false],"2048x2048":["https:\/\/xpresspuebla.com\/wp-content\/uploads\/2024\/11\/1A_Conferencia_0.jpg",640,427,false]},"uagb_author_info":{"display_name":"xpresspuebla.com","author_link":"https:\/\/xpresspuebla.com\/index.php\/author\/xpresspuebla-com\/"},"uagb_comment_info":0,"uagb_excerpt":"\u201c\u00bfPor qu\u00e9 prosperan las naciones? El caso de Rumania\u201d fue el t\u00edtulo de la conferencia que imparti\u00f3 el embajador de este pa\u00eds en M\u00e9xico, Marius Gabriel Lazurca, ante estudiantes de&hellip;","_links":{"self":[{"href":"https:\/\/xpresspuebla.com\/index.php\/wp-json\/wp\/v2\/posts\/4788"}],"collection":[{"href":"https:\/\/xpresspuebla.com\/index.php\/wp-json\/wp\/v2\/posts"}],"about":[{"href":"https:\/\/xpresspuebla.com\/index.php\/wp-json\/wp\/v2\/types\/post"}],"author":[{"embeddable":true,"href":"https:\/\/xpresspuebla.com\/index.php\/wp-json\/wp\/v2\/users\/1"}],"replies":[{"embeddable":true,"href":"https:\/\/xpresspuebla.com\/index.php\/wp-json\/wp\/v2\/comments?post=4788"}],"version-history":[{"count":1,"href":"https:\/\/xpresspuebla.com\/index.php\/wp-json\/wp\/v2\/posts\/4788\/revisions"}],"predecessor-version":[{"id":4790,"href":"https:\/\/xpresspuebla.com\/index.php\/wp-json\/wp\/v2\/posts\/4788\/revisions\/4790"}],"wp:featuredmedia":[{"embeddable":true,"href":"https:\/\/xpresspuebla.com\/index.php\/wp-json\/wp\/v2\/media\/4789"}],"wp:attachment":[{"href":"https:\/\/xpresspuebla.com\/index.php\/wp-json\/wp\/v2\/media?parent=4788"}],"wp:term":[{"taxonomy":"category","embeddable":true,"href":"https:\/\/xpresspuebla.com\/index.php\/wp-json\/wp\/v2\/categories?post=4788"},{"taxonomy":"post_tag","embeddable":true,"href":"https:\/\/xpresspuebla.com\/index.php\/wp-json\/wp\/v2\/tags?post=4788"}],"curies":[{"name":"wp","href":"https:\/\/api.w.org\/{rel}","templated":true}]}}