{"id":4800,"date":"2024-11-11T12:22:27","date_gmt":"2024-11-11T18:22:27","guid":{"rendered":"https:\/\/xpresspuebla.com\/?p=4800"},"modified":"2024-11-26T12:23:27","modified_gmt":"2024-11-26T18:23:27","slug":"pasante-de-medicina-del-complejo-regional-nororiental-gana-el-premio-a-la-excelencia-academica-2024","status":"publish","type":"post","link":"https:\/\/xpresspuebla.com\/index.php\/2024\/11\/11\/pasante-de-medicina-del-complejo-regional-nororiental-gana-el-premio-a-la-excelencia-academica-2024\/","title":{"rendered":"Pasante de Medicina del Complejo Regional Nororiental gana el Premio a la Excelencia Acad\u00e9mica 2024"},"content":{"rendered":"\n<ul>\n<li><strong>Jes\u00fas Manuel P\u00e9rez M\u00e9ndez recibi\u00f3 la distinci\u00f3n por parte de la AMFEM<\/strong><\/li>\n<\/ul>\n\n\n\n<p>Sin ninguna materia recursada y con un promedio constante de 9.48, Jes\u00fas Manuel P\u00e9rez M\u00e9ndez, pasante de la Licenciatura en Medicina General y Comunitaria, del Complejo Regional Nororiental de la BUAP, obtuvo el Premio a la Excelencia Acad\u00e9mica 2024 por parte de la Asociaci\u00f3n Mexicana de Facultades y Escuelas de Medicina (AMFEM).<\/p>\n\n\n\n<p>\u201cRepresento al Complejo Regional Nororiental y a mi comunidad estudiantil y eso me da mucho orgullo, porque es claro que este reconocimiento no es s\u00f3lo para m\u00ed: es tambi\u00e9n para la universidad, mis profesores, mi familia y mis compa\u00f1eros\u201d, expres\u00f3 Jes\u00fas Manuel P\u00e9rez M\u00e9ndez.<\/p>\n\n\n\n<p>Originario de Altotonga, Veracruz, eligi\u00f3 a la BUAP por su prestigio, pero sobre todo por el enfoque humanista de la carrera: \u201cNo s\u00f3lo son m\u00e9dicos que atienden un padecimiento; se ofrece una atenci\u00f3n primaria que observa la salud f\u00edsica, pero tambi\u00e9n la mental, la alimentaci\u00f3n, el entorno y los estilos de vida\u201d.<\/p>\n\n\n\n<p>El estudiante for\u00e1neo coment\u00f3 que la administraci\u00f3n del tiempo y la claridad de sus metas fueron la clave de su \u00e9xito. Adem\u00e1s de los momentos que destin\u00f3 a disfrutar actividades, como salir con amigos, ir al cine, viajar o simplemente caminar.<\/p>\n\n\n\n<p>\u201cLa carrera de Medicina, como muchas otras, es muy demandante, por eso es importante administrar el tiempo. Organizarte para estudiar, hacer res\u00famenes, pero tambi\u00e9n disfrutar el esparcimiento, de lo contrario, si te dedicas todo el tiempo a estudiar, ser\u00eda imposible lograrlo; en realidad para todo hay momentos. Lo importante es no perder el enfoque y priorizar tus metas\u201d.<\/p>\n\n\n\n<p>Actualmente, Jes\u00fas Manuel P\u00e9rez realiza su servicio social en el Consultorio Universitario del Complejo Regional Nororiental, donde brinda atenci\u00f3n primaria a estudiantes, docentes y personal administrativo. Antes realiz\u00f3 un a\u00f1o de internado en el Hospital General de Teziutl\u00e1n, donde rot\u00f3 en las \u00e1reas de Ginecolog\u00eda, Medicina Interna, Pediatr\u00eda y Medicina General, entre otras.<\/p>\n\n\n\n<p>En cuanto a su formaci\u00f3n acad\u00e9mica, el joven galardonado destaca que los profesores siempre dejaron en claro el enfoque de la carrera y los retos a los que se enfrentar\u00edan. Asimismo, se\u00f1al\u00f3 otras herramientas pedag\u00f3gicas que abonaron a su buen desempe\u00f1o, como el material did\u00e1ctico y el acceso digital a revistas, art\u00edculos cient\u00edficos y dem\u00e1s libros que lo apoyaron en su preparaci\u00f3n.<\/p>\n\n\n\n<p>\u201cTenemos acceso a las bibliotecas y la verdad son muy importantes, porque nos ofrecen informaci\u00f3n b\u00e1sica, adem\u00e1s de art\u00edculos cient\u00edficos recientes en temas de vanguardia que complementan el aprendizaje. Por eso creo que la BUAP tiene muy buenas herramientas\u201d.<\/p>\n\n\n\n<p>Jes\u00fas siempre tuvo claro que quer\u00eda ser m\u00e9dico. Una de sus metas es servir a su comunidad y a los pacientes para ofrecerles opciones que les permitan mejorar su calidad de vida. Al concluir su estancia en la unidad m\u00e9dica del Complejo Regional Nororiental, el galardonado busca aplicar para el Examen Nacional de Residencias M\u00e9dicas y hacer una especialidad en Oftalmolog\u00eda o Anestesiolog\u00eda. Finalmente agradeci\u00f3 el apoyo de sus maestros, compa\u00f1eros y, sobre todo, de su familia.<\/p>\n","protected":false},"excerpt":{"rendered":"<p>Sin ninguna materia recursada y con un promedio constante de 9.48, Jes\u00fas Manuel P\u00e9rez M\u00e9ndez, pasante de la Licenciatura en Medicina General y Comunitaria, del Complejo Regional Nororiental de la&hellip; <\/p>\n","protected":false},"author":1,"featured_media":4801,"comment_status":"closed","ping_status":"open","sticky":false,"template":"","format":"standard","meta":{"om_disable_all_campaigns":false,"_uag_custom_page_level_css":"","_monsterinsights_skip_tracking":false,"_monsterinsights_sitenote_active":false,"_monsterinsights_sitenote_note":"","_monsterinsights_sitenote_category":0,"_uf_show_specific_survey":0,"_uf_disable_surveys":false},"categories":[1],"tags":[],"aioseo_notices":[],"uagb_featured_image_src":{"full":["https:\/\/xpresspuebla.com\/wp-content\/uploads\/2024\/11\/1A_PremioExcelencia.jpg",640,427,false],"thumbnail":["https:\/\/xpresspuebla.com\/wp-content\/uploads\/2024\/11\/1A_PremioExcelencia-150x150.jpg",150,150,true],"medium":["https:\/\/xpresspuebla.com\/wp-content\/uploads\/2024\/11\/1A_PremioExcelencia-300x200.jpg",300,200,true],"medium_large":["https:\/\/xpresspuebla.com\/wp-content\/uploads\/2024\/11\/1A_PremioExcelencia.jpg",640,427,false],"large":["https:\/\/xpresspuebla.com\/wp-content\/uploads\/2024\/11\/1A_PremioExcelencia.jpg",640,427,false],"1536x1536":["https:\/\/xpresspuebla.com\/wp-content\/uploads\/2024\/11\/1A_PremioExcelencia.jpg",640,427,false],"2048x2048":["https:\/\/xpresspuebla.com\/wp-content\/uploads\/2024\/11\/1A_PremioExcelencia.jpg",640,427,false]},"uagb_author_info":{"display_name":"xpresspuebla.com","author_link":"https:\/\/xpresspuebla.com\/index.php\/author\/xpresspuebla-com\/"},"uagb_comment_info":0,"uagb_excerpt":"Sin ninguna materia recursada y con un promedio constante de 9.48, Jes\u00fas Manuel P\u00e9rez M\u00e9ndez, pasante de la Licenciatura en Medicina General y Comunitaria, del Complejo Regional Nororiental de la&hellip;","_links":{"self":[{"href":"https:\/\/xpresspuebla.com\/index.php\/wp-json\/wp\/v2\/posts\/4800"}],"collection":[{"href":"https:\/\/xpresspuebla.com\/index.php\/wp-json\/wp\/v2\/posts"}],"about":[{"href":"https:\/\/xpresspuebla.com\/index.php\/wp-json\/wp\/v2\/types\/post"}],"author":[{"embeddable":true,"href":"https:\/\/xpresspuebla.com\/index.php\/wp-json\/wp\/v2\/users\/1"}],"replies":[{"embeddable":true,"href":"https:\/\/xpresspuebla.com\/index.php\/wp-json\/wp\/v2\/comments?post=4800"}],"version-history":[{"count":1,"href":"https:\/\/xpresspuebla.com\/index.php\/wp-json\/wp\/v2\/posts\/4800\/revisions"}],"predecessor-version":[{"id":4802,"href":"https:\/\/xpresspuebla.com\/index.php\/wp-json\/wp\/v2\/posts\/4800\/revisions\/4802"}],"wp:featuredmedia":[{"embeddable":true,"href":"https:\/\/xpresspuebla.com\/index.php\/wp-json\/wp\/v2\/media\/4801"}],"wp:attachment":[{"href":"https:\/\/xpresspuebla.com\/index.php\/wp-json\/wp\/v2\/media?parent=4800"}],"wp:term":[{"taxonomy":"category","embeddable":true,"href":"https:\/\/xpresspuebla.com\/index.php\/wp-json\/wp\/v2\/categories?post=4800"},{"taxonomy":"post_tag","embeddable":true,"href":"https:\/\/xpresspuebla.com\/index.php\/wp-json\/wp\/v2\/tags?post=4800"}],"curies":[{"name":"wp","href":"https:\/\/api.w.org\/{rel}","templated":true}]}}