{"id":4865,"date":"2024-12-09T13:24:55","date_gmt":"2024-12-09T19:24:55","guid":{"rendered":"https:\/\/xpresspuebla.com\/?p=4865"},"modified":"2025-01-09T13:25:43","modified_gmt":"2025-01-09T19:25:43","slug":"con-ciclo-de-conferencias-rinden-homenaje-a-la-doctora-beatriz-baca","status":"publish","type":"post","link":"https:\/\/xpresspuebla.com\/index.php\/2024\/12\/09\/con-ciclo-de-conferencias-rinden-homenaje-a-la-doctora-beatriz-baca\/","title":{"rendered":"Con ciclo de conferencias rinden homenaje a la doctora Beatriz Baca"},"content":{"rendered":"\n<ul>\n<li><strong>Por su contribuci\u00f3n a la Microbiolog\u00eda y a la formaci\u00f3n de cient\u00edficos, la Rectora reconoce su labor<\/strong><\/li>\n<\/ul>\n\n\n\n<p>Por su gran legado a la BUAP y a la Microbiolog\u00eda, el Instituto de Ciencias (ICUAP) celebr\u00f3 un ciclo de conferencias en homenaje a la trayectoria acad\u00e9mica de la doctora Beatriz Eugenia Baca, que fue inaugurado por la Rectora Mar\u00eda Lilia Cedillo Ram\u00edrez, quien agradeci\u00f3 su contribuci\u00f3n a la formaci\u00f3n de cientos de estudiantes, as\u00ed como su aporte cient\u00edfico.<\/p>\n\n\n\n<p>\u201cGracias por todo el legado que deja, no s\u00f3lo entre los que fueron sus incontables alumnos, sino en muchos de nosotros que aprendimos de su ejemplo y tratamos de seguir el rigor cient\u00edfico que siempre la caracteriz\u00f3, adem\u00e1s de esa rectitud en su forma de ser y pensar. Se va, dejando lo mejor de usted en cada acci\u00f3n, en cada clase y en cada seminario que particip\u00f3\u201d, subray\u00f3.<\/p>\n\n\n\n<p>Este ciclo de conferencias se celebra del 9 al 11 de diciembre en el auditorio del edificio de Posgrado del Centro de Investigaciones en Ciencias Microbiol\u00f3gicas, del ICUAP, cuyos temas versan sobre la relaci\u00f3n de microorganismos y plantas, la Biotecnolog\u00eda, las ciencias qu\u00edmicas y la Microbiolog\u00eda, entre otros.<\/p>\n\n\n\n<p><strong>47 a\u00f1os de formar a cient\u00edficos y docentes<\/strong><\/p>\n\n\n\n<p>La doctora Beatriz Eugenia Baca estudi\u00f3 la carrera de Qu\u00edmico Farmac\u00e9utico Bi\u00f3logo, en la Facultad de Qu\u00edmica de la UNAM; posteriormente la Maestr\u00eda y el Doctorado en Ciencias en la Universidad de Par\u00eds VII, en la Facultad de Ciencias, en Francia, donde se especializ\u00f3 en Bioqu\u00edmica Microbiana.<\/p>\n\n\n\n<p>Durante 47 a\u00f1os ejerci\u00f3 como docente e investigadora de la BUAP, impartiendo materias como Gen\u00e9tica Microbiana en el Centro de Investigaciones en Ciencias Microbiol\u00f3gicas, de donde es fundadora. Ha contribuido a la formaci\u00f3n de numerosas generaciones de profesionistas, muchos de ellos actuales profesores investigadores de prestigio.<\/p>\n\n\n\n<p>\u201cIngres\u00e9 como docente a la BUAP en 1976, adscrita al ICUAP, me asignaron clases en la Facultad de Medicina. En ese momento logramos conformar un peque\u00f1o grupo de investigaci\u00f3n de 10 alumnas de la entonces Escuela de Ciencias Qu\u00edmicas, con quienes hicimos trabajo en Bacteriolog\u00eda M\u00e9dica con apoyo del Hospital Universitario, que nos dotaba de las muestras\u201d, record\u00f3.<\/p>\n\n\n\n<p>\u201cComenc\u00e9 investigando el tema de la resistencia a los antibi\u00f3ticos, de hecho, existen las tesis de aquellas entusiastas estudiantes de Ciencias Qu\u00edmicas. Posteriormente, creamos lo que se llam\u00f3 el Departamento de Investigaciones Biom\u00e9dicas, a donde se integraron los doctores en Fisiolog\u00eda Bj\u00f6rn Holmgren y Ruth Urb\u00e1; as\u00ed como Jes\u00fas Caballero, especialista en Microbiolog\u00eda de Suelo y el doctor Arqu\u00edmedes Morales Carraza\u201d.<\/p>\n\n\n\n<p>Como grupo de investigaci\u00f3n, les fue asignado un laboratorio en el antiguo Hospital de Psiquiatr\u00eda del HUP: \u201cEn esas tardes lluviosas, en las que no pod\u00edamos salir porque se inundaba todo, el doctor Jes\u00fas Caballero me platic\u00f3 sobre una bacteria que se asocia con las plantas y produce efectos ben\u00e9ficos, eso me entusiasm\u00f3 de inmediato y desde entonces me dediqu\u00e9 a estudiar la interacci\u00f3n bacteria Azospirillum-planta (trigo, ma\u00edz, etc\u00e9tera), porque son cultivos a los que este microorganismo les permite producir m\u00e1s granos\u201d, detall\u00f3.<\/p>\n\n\n\n<p>Su amor a la ciencia naci\u00f3 desde que era ni\u00f1a, pues reconoce la influencia que tuvieron sus padres, quienes fueron docentes en la UNAM, en el \u00e1rea de Matem\u00e1ticas: \u201cEn este pa\u00eds, la instituci\u00f3n m\u00e1s noble es la universitaria. En mi caso, la BUAP me dio la posibilidad de trabajar, de educar a mis hijos y de salir adelante, eso lo agradezco much\u00edsimo. Siempre he dicho que soy puma de nacimiento, pero loba por adopci\u00f3n y convicci\u00f3n. He laborado durante casi 48 a\u00f1os, pero creo que mi cuerpo ya me pide cerrar este ciclo, pero con grandes satisfacciones\u201d.<\/p>\n\n\n\n<p>En este homenaje tambi\u00e9n estuvieron presentes Jorge Rigoberto Ju\u00e1rez Posadas, director del Instituto de Ciencias (ICUAP); Ygnacio Mart\u00ednez Laguna, vicerrector de Investigaci\u00f3n y Estudios de Posgrado; y Jos\u00e9 Antonio Munive Hern\u00e1ndez, coordinador del posgrado en Microbiolog\u00eda.<\/p>\n","protected":false},"excerpt":{"rendered":"<p>Por su gran legado a la BUAP y a la Microbiolog\u00eda, el Instituto de Ciencias (ICUAP) celebr\u00f3 un ciclo de conferencias en homenaje a la trayectoria acad\u00e9mica de la doctora&hellip; <\/p>\n","protected":false},"author":1,"featured_media":4866,"comment_status":"closed","ping_status":"open","sticky":false,"template":"","format":"standard","meta":{"om_disable_all_campaigns":false,"_uag_custom_page_level_css":"","_monsterinsights_skip_tracking":false,"_monsterinsights_sitenote_active":false,"_monsterinsights_sitenote_note":"","_monsterinsights_sitenote_category":0,"_uf_show_specific_survey":0,"_uf_disable_surveys":false},"categories":[1],"tags":[],"aioseo_notices":[],"uagb_featured_image_src":{"full":["https:\/\/xpresspuebla.com\/wp-content\/uploads\/2025\/01\/1A_Microbiologia.jpg",640,320,false],"thumbnail":["https:\/\/xpresspuebla.com\/wp-content\/uploads\/2025\/01\/1A_Microbiologia-150x150.jpg",150,150,true],"medium":["https:\/\/xpresspuebla.com\/wp-content\/uploads\/2025\/01\/1A_Microbiologia-300x150.jpg",300,150,true],"medium_large":["https:\/\/xpresspuebla.com\/wp-content\/uploads\/2025\/01\/1A_Microbiologia.jpg",640,320,false],"large":["https:\/\/xpresspuebla.com\/wp-content\/uploads\/2025\/01\/1A_Microbiologia.jpg",640,320,false],"1536x1536":["https:\/\/xpresspuebla.com\/wp-content\/uploads\/2025\/01\/1A_Microbiologia.jpg",640,320,false],"2048x2048":["https:\/\/xpresspuebla.com\/wp-content\/uploads\/2025\/01\/1A_Microbiologia.jpg",640,320,false]},"uagb_author_info":{"display_name":"xpresspuebla.com","author_link":"https:\/\/xpresspuebla.com\/index.php\/author\/xpresspuebla-com\/"},"uagb_comment_info":0,"uagb_excerpt":"Por su gran legado a la BUAP y a la Microbiolog\u00eda, el Instituto de Ciencias (ICUAP) celebr\u00f3 un ciclo de conferencias en homenaje a la trayectoria acad\u00e9mica de la doctora&hellip;","_links":{"self":[{"href":"https:\/\/xpresspuebla.com\/index.php\/wp-json\/wp\/v2\/posts\/4865"}],"collection":[{"href":"https:\/\/xpresspuebla.com\/index.php\/wp-json\/wp\/v2\/posts"}],"about":[{"href":"https:\/\/xpresspuebla.com\/index.php\/wp-json\/wp\/v2\/types\/post"}],"author":[{"embeddable":true,"href":"https:\/\/xpresspuebla.com\/index.php\/wp-json\/wp\/v2\/users\/1"}],"replies":[{"embeddable":true,"href":"https:\/\/xpresspuebla.com\/index.php\/wp-json\/wp\/v2\/comments?post=4865"}],"version-history":[{"count":1,"href":"https:\/\/xpresspuebla.com\/index.php\/wp-json\/wp\/v2\/posts\/4865\/revisions"}],"predecessor-version":[{"id":4867,"href":"https:\/\/xpresspuebla.com\/index.php\/wp-json\/wp\/v2\/posts\/4865\/revisions\/4867"}],"wp:featuredmedia":[{"embeddable":true,"href":"https:\/\/xpresspuebla.com\/index.php\/wp-json\/wp\/v2\/media\/4866"}],"wp:attachment":[{"href":"https:\/\/xpresspuebla.com\/index.php\/wp-json\/wp\/v2\/media?parent=4865"}],"wp:term":[{"taxonomy":"category","embeddable":true,"href":"https:\/\/xpresspuebla.com\/index.php\/wp-json\/wp\/v2\/categories?post=4865"},{"taxonomy":"post_tag","embeddable":true,"href":"https:\/\/xpresspuebla.com\/index.php\/wp-json\/wp\/v2\/tags?post=4865"}],"curies":[{"name":"wp","href":"https:\/\/api.w.org\/{rel}","templated":true}]}}