{"id":5001,"date":"2024-12-22T16:47:50","date_gmt":"2024-12-22T22:47:50","guid":{"rendered":"https:\/\/xpresspuebla.com\/?p=5001"},"modified":"2025-01-09T16:49:20","modified_gmt":"2025-01-09T22:49:20","slug":"exposicion-artistica-en-la-buap","status":"publish","type":"post","link":"https:\/\/xpresspuebla.com\/index.php\/2024\/12\/22\/exposicion-artistica-en-la-buap\/","title":{"rendered":"Exposici\u00f3n art\u00edstica en la BUAP"},"content":{"rendered":"\n<p><strong>El artista pl\u00e1stico de origen cubano expone 36 obras creadas en los \u00faltimos 30 a\u00f1os<\/strong><\/p>\n\n\n\n<p>Para mayor informaci\u00f3n:&nbsp;<a href=\"https:\/\/www.boletin.buap.mx\/node\/3655\" target=\"_blank\" rel=\"noreferrer noopener\">https:\/\/www.boletin.buap.mx\/node\/3655<\/a><\/p>\n","protected":false},"excerpt":{"rendered":"<p>El artista pl\u00e1stico de origen cubano expone 36 obras creadas en los \u00faltimos 30 a\u00f1os Para mayor informaci\u00f3n:&nbsp;https:\/\/www.boletin.buap.mx\/node\/3655<\/p>\n","protected":false},"author":1,"featured_media":4988,"comment_status":"closed","ping_status":"open","sticky":false,"template":"","format":"standard","meta":{"om_disable_all_campaigns":false,"_uag_custom_page_level_css":"","_monsterinsights_skip_tracking":false,"_monsterinsights_sitenote_active":false,"_monsterinsights_sitenote_note":"","_monsterinsights_sitenote_category":0,"_uf_show_specific_survey":0,"_uf_disable_surveys":false},"categories":[1],"tags":[],"aioseo_notices":[],"uagb_featured_image_src":{"full":["https:\/\/xpresspuebla.com\/wp-content\/uploads\/2024\/12\/Banner_3.jpg",625,521,false],"thumbnail":["https:\/\/xpresspuebla.com\/wp-content\/uploads\/2024\/12\/Banner_3-150x150.jpg",150,150,true],"medium":["https:\/\/xpresspuebla.com\/wp-content\/uploads\/2024\/12\/Banner_3-300x250.jpg",300,250,true],"medium_large":["https:\/\/xpresspuebla.com\/wp-content\/uploads\/2024\/12\/Banner_3.jpg",625,521,false],"large":["https:\/\/xpresspuebla.com\/wp-content\/uploads\/2024\/12\/Banner_3.jpg",625,521,false],"1536x1536":["https:\/\/xpresspuebla.com\/wp-content\/uploads\/2024\/12\/Banner_3.jpg",625,521,false],"2048x2048":["https:\/\/xpresspuebla.com\/wp-content\/uploads\/2024\/12\/Banner_3.jpg",625,521,false]},"uagb_author_info":{"display_name":"xpresspuebla.com","author_link":"https:\/\/xpresspuebla.com\/index.php\/author\/xpresspuebla-com\/"},"uagb_comment_info":0,"uagb_excerpt":"El artista pl\u00e1stico de origen cubano expone 36 obras creadas en los \u00faltimos 30 a\u00f1os Para mayor informaci\u00f3n:&nbsp;https:\/\/www.boletin.buap.mx\/node\/3655","_links":{"self":[{"href":"https:\/\/xpresspuebla.com\/index.php\/wp-json\/wp\/v2\/posts\/5001"}],"collection":[{"href":"https:\/\/xpresspuebla.com\/index.php\/wp-json\/wp\/v2\/posts"}],"about":[{"href":"https:\/\/xpresspuebla.com\/index.php\/wp-json\/wp\/v2\/types\/post"}],"author":[{"embeddable":true,"href":"https:\/\/xpresspuebla.com\/index.php\/wp-json\/wp\/v2\/users\/1"}],"replies":[{"embeddable":true,"href":"https:\/\/xpresspuebla.com\/index.php\/wp-json\/wp\/v2\/comments?post=5001"}],"version-history":[{"count":1,"href":"https:\/\/xpresspuebla.com\/index.php\/wp-json\/wp\/v2\/posts\/5001\/revisions"}],"predecessor-version":[{"id":5002,"href":"https:\/\/xpresspuebla.com\/index.php\/wp-json\/wp\/v2\/posts\/5001\/revisions\/5002"}],"wp:featuredmedia":[{"embeddable":true,"href":"https:\/\/xpresspuebla.com\/index.php\/wp-json\/wp\/v2\/media\/4988"}],"wp:attachment":[{"href":"https:\/\/xpresspuebla.com\/index.php\/wp-json\/wp\/v2\/media?parent=5001"}],"wp:term":[{"taxonomy":"category","embeddable":true,"href":"https:\/\/xpresspuebla.com\/index.php\/wp-json\/wp\/v2\/categories?post=5001"},{"taxonomy":"post_tag","embeddable":true,"href":"https:\/\/xpresspuebla.com\/index.php\/wp-json\/wp\/v2\/tags?post=5001"}],"curies":[{"name":"wp","href":"https:\/\/api.w.org\/{rel}","templated":true}]}}